{"id":12304,"date":"2024-04-17T09:46:12","date_gmt":"2024-04-17T13:46:12","guid":{"rendered":"https:\/\/www.biotech.ca\/?p=12304"},"modified":"2025-10-31T15:39:13","modified_gmt":"2025-10-31T19:39:13","slug":"le-budget-federal-de-2024-vient-confirmer-le-role-essentiel-de-lindustrie-canadienne-des-biotechnologies","status":"publish","type":"post","link":"https:\/\/www.biotech.ca\/fr\/news\/le-budget-federal-de-2024-vient-confirmer-le-role-essentiel-de-lindustrie-canadienne-des-biotechnologies\/","title":{"rendered":"Le budget f\u00e9d\u00e9ral de 2024 vient confirmer le r\u00f4le essentiel de l\u2019industrie canadienne des biotechnologies"},"content":{"rendered":"\n<p>17 avril 2024 [OTTAWA] \u2013 Le secteur canadien de la biotechnologie a accueilli favorablement le budget f\u00e9d\u00e9ral, qui, par ses engagements, met l\u2019accent sur les investissements, la recherche et l\u2019efficacit\u00e9 de l\u2019environnement r\u00e9glementaire.<\/p>\n\n\n\n<p>BIOTECanada, l\u2019association sectorielle nationale des biotechnologies, qui repr\u00e9sente l\u2019\u00e9cosyst\u00e8me des entreprises de biotechnologie et de la recherche-d\u00e9veloppement au Canada, prend acte du budget f\u00e9d\u00e9ral d\u00e9voil\u00e9 hier :<\/p>\n\n\n\n<p>\u00ab Le budget f\u00e9d\u00e9ral vient confirmer \u00e0 point nomm\u00e9 l\u2019importance strat\u00e9gique de veiller \u00e0 l\u2019innovation en sciences de la vie en tant que facteur de croissance global de l\u2019\u00e9conomie canadienne. Par le nouveau financement de 200 millions $ dans l\u2019Initiative de catalyse du capital de risque, dont l\u2019objectif est d\u2019inciter les fonds de pension \u00e0 investir dans les secteurs de l\u2019innovation au Canada, et les consultations relatives \u00e0 la RS&amp;DE et au r\u00e9gime privil\u00e9gi\u00e9 de brevets, le gouvernement vient ajouter aux efforts de la Strat\u00e9gie en mati\u00e8re de biofabrication et de sciences de la vie, qui vise \u00e0 faire de la biotechnologie et des sciences de la vie un secteur qui stimule la croissance \u00e9conomique tout en contribuant au bien-\u00eatre des Canadiens \u00bb, a d\u00e9clar\u00e9 Andrew Casey, pr\u00e9sident et chef de la direction de BIOTECanada.<\/p>\n\n\n\n<p>Il estime par ailleurs que l\u2019industrie de la biotechnologie, \u00ab forte des investissements existants dans la biofabrication et l\u2019IA, associ\u00e9s \u00e0 l\u2019initiative visant \u00e0 obtenir des engagements d\u2019investissement de la part de grands investisseurs institutionnels canadiens, peut envisager le prochain cycle de croissance des entreprises, qui permettra d\u2019augmenter davantage les op\u00e9rations de recherche-d\u00e9veloppement au Canada. Fait important, m\u00eame si des progr\u00e8s significatifs ont \u00e9t\u00e9 r\u00e9alis\u00e9s \u00e0 la suite de la pand\u00e9mie, il reste que le Canada a encore \u00e0 faire pour am\u00e9liorer son avantage concurrentiel en mati\u00e8re de r\u00e9glementation et attirer les investissements s\u2019il souhaite continuer \u00e0 faire partie des principaux pays de l\u2019OCDE o\u00f9 l\u2019innovation biotechnologique joue un r\u00f4le \u00e9conomique central en vue d\u2019une croissance durable \u00e0 long terme \u00bb.<\/p>\n","protected":false},"excerpt":{"rendered":"<p>Le secteur canadien de la biotechnologie a accueilli favorablement le budget f\u00e9d\u00e9ral, qui, par ses engagements, met l\u2019accent sur les investissements, la recherche et l\u2019efficacit\u00e9 de l\u2019environnement r\u00e9glementaire.<\/p>\n","protected":false},"author":1,"featured_media":0,"comment_status":"closed","ping_status":"closed","sticky":false,"template":"","format":"standard","meta":{"_acf_changed":false,"rank_math_lock_modified_date":false,"inline_featured_image":false,"_genesis_hide_title":false,"_genesis_hide_breadcrumbs":false,"_genesis_hide_singular_image":false,"_genesis_hide_footer_widgets":false,"_genesis_custom_body_class":"","_genesis_custom_post_class":"","_genesis_layout":"","footnotes":""},"categories":[39],"tags":[45],"class_list":["post-12304","post","type-post","status-publish","format-standard","category-communiques-de-presse","tag-home-fr","entry"],"acf":[],"_links":{"self":[{"href":"https:\/\/www.biotech.ca\/fr\/wp-json\/wp\/v2\/posts\/12304","targetHints":{"allow":["GET"]}}],"collection":[{"href":"https:\/\/www.biotech.ca\/fr\/wp-json\/wp\/v2\/posts"}],"about":[{"href":"https:\/\/www.biotech.ca\/fr\/wp-json\/wp\/v2\/types\/post"}],"author":[{"embeddable":true,"href":"https:\/\/www.biotech.ca\/fr\/wp-json\/wp\/v2\/users\/1"}],"replies":[{"embeddable":true,"href":"https:\/\/www.biotech.ca\/fr\/wp-json\/wp\/v2\/comments?post=12304"}],"version-history":[{"count":3,"href":"https:\/\/www.biotech.ca\/fr\/wp-json\/wp\/v2\/posts\/12304\/revisions"}],"predecessor-version":[{"id":17269,"href":"https:\/\/www.biotech.ca\/fr\/wp-json\/wp\/v2\/posts\/12304\/revisions\/17269"}],"wp:attachment":[{"href":"https:\/\/www.biotech.ca\/fr\/wp-json\/wp\/v2\/media?parent=12304"}],"wp:term":[{"taxonomy":"category","embeddable":true,"href":"https:\/\/www.biotech.ca\/fr\/wp-json\/wp\/v2\/categories?post=12304"},{"taxonomy":"post_tag","embeddable":true,"href":"https:\/\/www.biotech.ca\/fr\/wp-json\/wp\/v2\/tags?post=12304"}],"curies":[{"name":"wp","href":"https:\/\/api.w.org\/{rel}","templated":true}]}}