{"id":12858,"date":"2024-05-29T12:55:01","date_gmt":"2024-05-29T16:55:01","guid":{"rendered":"https:\/\/www.biotech.ca\/?p=12858"},"modified":"2024-05-31T08:58:05","modified_gmt":"2024-05-31T12:58:05","slug":"message-du-conseil-dadministration-aux-membres-de-biotecanada","status":"publish","type":"post","link":"https:\/\/www.biotech.ca\/fr\/news\/message-du-conseil-dadministration-aux-membres-de-biotecanada\/","title":{"rendered":"Message du conseil d\u2019administration aux membres de BIOTECanada"},"content":{"rendered":"\n<p>Mercredi 29 mai 2024<\/p>\n\n\n\n<p>Le conseil d\u2019administration de BIOTECanada a annonc\u00e9 aujourd\u2019hui qu\u2019Andrew Casey, pr\u00e9sident et chef de la direction de l\u2019organisation, lui a transmis sa d\u00e9cision de quitter ses fonctions en date du 31 d\u00e9cembre 2024. En poste depuis 2012, M. Casey a vu l\u2019organisation passer par une croissance consid\u00e9rable, l\u2019\u00e9volution des politiques publiques et une pand\u00e9mie mondiale. BIOTECanada et M. Casey ont d\u2019ailleurs \u00e9t\u00e9 largement salu\u00e9s pour leur leadership pragmatique, collaboratif et tenace pendant la crise sans pr\u00e9c\u00e9dent qu\u2019a repr\u00e9sent\u00e9e la COVID-19.<br>\u00ab Je suis extr\u00eamement fier du travail des membres et de l\u2019\u00e9quipe de BIOTECanada au cours des douze derni\u00e8res ann\u00e9es. Leurs efforts soutenus ont contribu\u00e9 \u00e0 la croissance notable de l\u2019\u00e9cosyst\u00e8me canadien des biotechnologies, et ont fait profiter les patients du pays et du monde entier d\u2019innovations remarquables. \u00c0 la lumi\u00e8re de ce progr\u00e8s, j\u2019estime que le moment ne pourrait \u00eatre mieux choisi pour passer le flambeau \u00e0 un nouveau leader, qui pourra poursuivre le travail essentiel de l\u2019organisation. Ce fut pour moi un honneur et un plaisir in\u00e9gal\u00e9s d\u2019avoir \u00e9t\u00e9 la voix de ce secteur unique pendant plus d\u2019une d\u00e9cennie \u00bb, a d\u00e9clar\u00e9 Andrew Casey. \u00ab Les douze derni\u00e8res ann\u00e9es ont \u00e9t\u00e9 marqu\u00e9es par des innovations scientifiques extraordinaires, une pand\u00e9mie mondiale et de nombreux changements de politique, qui constituent une \u00e9tude de cas fascinante sur les d\u00e9fis pos\u00e9s par le cadre r\u00e9glementaire et le pouvoir de la mobilisation. Je suis reconnaissant d\u2019avoir pu servir des membres hautement engag\u00e9s, un conseil d\u2019administration actif et collaboratif, et une \u00e9quipe ph\u00e9nom\u00e9nale. \u00bb<br>\u00ab Le conseil d\u2019administration et les membres de BIOTECanada sont profond\u00e9ment reconnaissants du leadership, du d\u00e9vouement et de la cr\u00e9ativit\u00e9 d\u2019Andrew, qui a su guider l\u2019organisation avec brio au cours d\u2019une p\u00e9riode fascinante et formative. Aujourd\u2019hui, BIOTECanada est largement reconnue comme un porte-\u00e9tendard des sciences de la vie, un partenaire et collaborateur de choix du gouvernement, et une voix importante pour les patients et leur famille \u00bb, a affirm\u00e9 Gordon McCauley, pr\u00e9sident du conseil d\u2019administration de BIOTECanada.<br>Tandis que l\u2019organisation choisit son nouveau dirigeant et effectue la transition vers un nouveau leadership, BIOTECanada continuera de travailler de concert avec le gouvernement pour cr\u00e9er un environnement r\u00e9glementaire favorable aux investissements, qui encourage la cr\u00e9ation et le d\u00e9veloppement des entreprises canadiennes du secteur des biotechnologies. Dans ce contexte, il reste encore un travail important \u00e0 accomplir, notamment dans le cadre du congr\u00e8s BIO International Convention de San Diego et de la conf\u00e9rence BIONATION, qui se d\u00e9roulera les 24 et 25 septembre \u00e0 Ottawa. En ce moment charni\u00e8re pour les membres de BIOTECanada, une nouvelle direction insufflera une perspective novatrice et une \u00e9nergie renouvel\u00e9e pour conserver l\u2019\u00e9lan post-pand\u00e9mique que conna\u00eet l\u2019industrie, et poursuivre les efforts continus de BIOTECanada pour mettre en place un syst\u00e8me r\u00e9glementaire moderne et attirer les investissements et le talent requis pour cr\u00e9er un \u00e9cosyst\u00e8me biotechnologique concurrentiel \u00e0 l\u2019\u00e9chelle mondiale, qui favorise la cr\u00e9ation et l\u2019essor des entreprises qui deviendront les soci\u00e9t\u00e9s phares du paysage canadien des biotechnologies de demain.<br>Le conseil d\u2019administration annoncera prochainement son processus de recherche d\u2019un nouveau ou d\u2019une nouvelle pr\u00e9sident\u00b7e et chef\u00b7fe de la direction. Apr\u00e8s son d\u00e9part \u00e0 la fin de l\u2019ann\u00e9e, M. Casey continuera de jouer un r\u00f4le consultatif pour soutenir la transition de l\u2019organisation et son nouveau pr\u00e9sident ou sa nouvelle pr\u00e9sidente.<\/p>\n","protected":false},"excerpt":{"rendered":"<p>Mercredi 29 mai 2024 Le conseil d\u2019administration de BIOTECanada a annonc\u00e9 aujourd\u2019hui qu\u2019Andrew Casey, pr\u00e9sident et chef de la direction de l\u2019organisation, lui a transmis sa d\u00e9cision de quitter ses<\/p>\n<p class=\"more-link-box\"><a class=\"more-link button_a arrow\" href=\"https:\/\/www.biotech.ca\/fr\/news\/message-du-conseil-dadministration-aux-membres-de-biotecanada\/\">Lire la suite<\/a><\/p>\n","protected":false},"author":1,"featured_media":0,"comment_status":"closed","ping_status":"closed","sticky":false,"template":"","format":"standard","meta":{"_acf_changed":false,"rank_math_lock_modified_date":false,"inline_featured_image":false,"_genesis_hide_title":false,"_genesis_hide_breadcrumbs":false,"_genesis_hide_singular_image":false,"_genesis_hide_footer_widgets":false,"_genesis_custom_body_class":"","_genesis_custom_post_class":"","_genesis_layout":"","footnotes":""},"categories":[58],"tags":[45],"class_list":["post-12858","post","type-post","status-publish","format-standard","category-declarations","tag-home-fr","entry"],"acf":[],"_links":{"self":[{"href":"https:\/\/www.biotech.ca\/fr\/wp-json\/wp\/v2\/posts\/12858","targetHints":{"allow":["GET"]}}],"collection":[{"href":"https:\/\/www.biotech.ca\/fr\/wp-json\/wp\/v2\/posts"}],"about":[{"href":"https:\/\/www.biotech.ca\/fr\/wp-json\/wp\/v2\/types\/post"}],"author":[{"embeddable":true,"href":"https:\/\/www.biotech.ca\/fr\/wp-json\/wp\/v2\/users\/1"}],"replies":[{"embeddable":true,"href":"https:\/\/www.biotech.ca\/fr\/wp-json\/wp\/v2\/comments?post=12858"}],"version-history":[{"count":1,"href":"https:\/\/www.biotech.ca\/fr\/wp-json\/wp\/v2\/posts\/12858\/revisions"}],"predecessor-version":[{"id":12859,"href":"https:\/\/www.biotech.ca\/fr\/wp-json\/wp\/v2\/posts\/12858\/revisions\/12859"}],"wp:attachment":[{"href":"https:\/\/www.biotech.ca\/fr\/wp-json\/wp\/v2\/media?parent=12858"}],"wp:term":[{"taxonomy":"category","embeddable":true,"href":"https:\/\/www.biotech.ca\/fr\/wp-json\/wp\/v2\/categories?post=12858"},{"taxonomy":"post_tag","embeddable":true,"href":"https:\/\/www.biotech.ca\/fr\/wp-json\/wp\/v2\/tags?post=12858"}],"curies":[{"name":"wp","href":"https:\/\/api.w.org\/{rel}","templated":true}]}}