{"id":12875,"date":"2024-05-31T11:42:18","date_gmt":"2024-05-31T15:42:18","guid":{"rendered":"https:\/\/www.biotech.ca\/?p=12875"},"modified":"2025-10-31T15:42:29","modified_gmt":"2025-10-31T19:42:29","slug":"biotecanada-annonce-le-nouveau-directeur-de-son-conseil-dadministration-dans-le-cadre-de-son-assemblee-generale-annuelle","status":"publish","type":"post","link":"https:\/\/www.biotech.ca\/fr\/news\/biotecanada-annonce-le-nouveau-directeur-de-son-conseil-dadministration-dans-le-cadre-de-son-assemblee-generale-annuelle\/","title":{"rendered":"BIOTECanada annonce le nouveau directeur de son conseil d\u2019administration dans le cadre de son assembl\u00e9e g\u00e9n\u00e9rale annuelle"},"content":{"rendered":"\n<p>Le 31 mai 2024<\/p>\n\n\n\n<p>[OTTAWA] Au terme de l\u2019assembl\u00e9e g\u00e9n\u00e9rale annuelle de BIOTECanada, le conseil d\u2019administration de l\u2019organisation est enchant\u00e9 d\u2019annoncer la nomination d\u2019Oliver Technow, chef de la direction de BioVectra Inc. au poste de directeur du conseil. M. Technow remplacera Gordon McCauley, pr\u00e9sident et chef de la direction d\u2019adMare BioInnovations, dont le mandat a r\u00e9cemment pris fin.<\/p>\n\n\n\n<p>M. Technow poss\u00e8de plus de 30 ans d\u2019exp\u00e9rience du secteur international des biosciences et une feuille de route enviable \u00e0 titre de chef de la direction de BioVectra Inc., une organisation de fabrication et de d\u00e9veloppement contractuelle internationale \u00e9tablie \u00e0 Charlottetown, qui con\u00e7oit des principes actifs et des interm\u00e9diaires pharmaceutiques destin\u00e9s aux soci\u00e9t\u00e9s pharmaceutiques et biotechnologiques.<\/p>\n\n\n\n<p>\u00ab Oliver fera profiter le conseil d\u2019administration de BIOTECanada de son expertise unique et de son leadership incomparable. Sa connaissance approfondie de l\u2019industrie et ses perspectives strat\u00e9giques seront des atouts de taille pour notre organisation tandis que nous continuons de viser une hausse des investissements dans le secteur, la modernisation de la prise de d\u00e9cisions r\u00e9glementaires, et le soutien n\u00e9cessaire pour assurer la vitalit\u00e9 de l\u2019\u00e9cosyst\u00e8me des biotechnologies, de mani\u00e8re \u00e0 favoriser la recherche, le d\u00e9veloppement et la croissance des entreprises \u00bb, a d\u00e9clar\u00e9 Andrew Casey, pr\u00e9sident et chef de la direction de BIOTECanada.<\/p>\n\n\n\n<p>\u00ab Au nom de toute l\u2019\u00e9quipe de BIOTECanada et de nos entreprises membres, je remercie chaleureusement Gordon pour ses loyaux services \u00e0 la t\u00eate du conseil d\u2019administration. Son leadership, son d\u00e9vouement et son expertise ont \u00e9t\u00e9 inestimables pour notre organisation. Sous sa direction, BIOTECanada a atteint d\u2019importants jalons, dont le lancement de notre strat\u00e9gie pour la biofabrication et les sciences de la vie, et l\u2019obtention d\u2019un financement accru pour le secteur. L\u2019\u00e9quipe de BIOTECanada est hautement reconnaissante pour le leadership de Gordon tout au long de son mandat \u00bb, a conclu M. Casey.<\/p>\n\n\n\n<p>BIOTECanada remercie les membres sortants de son conseil d\u2019administration pour leur service : Tracey Ramsay, vice-pr\u00e9sidente et directrice g\u00e9n\u00e9rale, AbbVie Canada; Maha Katabi, associ\u00e9e g\u00e9n\u00e9rale, Sofinnova Ventures; et Alok Kanti, directeur g\u00e9n\u00e9ral, Bayer Canada.<\/p>\n\n\n\n<p>Le conseil d\u2019administration de BIOTECanada incarne parfaitement la diversit\u00e9 des membres de l\u2019organisation et de l\u2019\u00e9cosyst\u00e8me \u00e9largi des biotechnologies au Canada. Pour conna\u00eetre la composition compl\u00e8te du conseil d\u2019administration de BIOTECanada, visitez <a href=\"https:\/\/www.biotech.ca\/fr\/a-propos\/personnel\/conseil-dadministration\/\">notre site web<\/a>.<\/p>\n\n\n\n<p>BIOTECanada est le porte-parole canadien de l\u2019industrie des biotechnologies. Cette association nationale compte plus de 230 membres \u2013 entreprises en d\u00e9marrage, soci\u00e9t\u00e9s pharmaceutiques et biotechnologiques internationales, investisseurs, incubateurs, acc\u00e9l\u00e9rateurs, \u00e9tablissements universitaires \u2013 qui repr\u00e9sentent le vaste \u00e9cosyst\u00e8me canadien des biotechnologies. Dans un contexte marqu\u00e9 par la croissance de la population mondiale, les changements climatiques, les enjeux de durabilit\u00e9 agroalimentaire et les besoins croissants en sant\u00e9 humaine, l\u2019industrie biotechnologique joue un r\u00f4le de premier plan dans l\u2019\u00e9laboration de solutions aux d\u00e9fis sanitaires et environnementaux auxquels nous sommes confront\u00e9s. Pour en savoir plus, visitez le <a href=\"http:\/\/www.biotech.ca\">biotech.ca<\/a><\/p>\n","protected":false},"excerpt":{"rendered":"<p>Le 31 mai 2024 [OTTAWA] Au terme de l\u2019assembl\u00e9e g\u00e9n\u00e9rale annuelle de BIOTECanada, le conseil d\u2019administration de l\u2019organisation est enchant\u00e9 d\u2019annoncer la nomination d\u2019Oliver Technow, chef de la direction de<\/p>\n<p class=\"more-link-box\"><a class=\"more-link button_a arrow\" href=\"https:\/\/www.biotech.ca\/fr\/news\/biotecanada-annonce-le-nouveau-directeur-de-son-conseil-dadministration-dans-le-cadre-de-son-assemblee-generale-annuelle\/\">Lire la suite<\/a><\/p>\n","protected":false},"author":1,"featured_media":0,"comment_status":"closed","ping_status":"closed","sticky":false,"template":"","format":"standard","meta":{"_acf_changed":false,"rank_math_lock_modified_date":false,"inline_featured_image":false,"_genesis_hide_title":false,"_genesis_hide_breadcrumbs":false,"_genesis_hide_singular_image":false,"_genesis_hide_footer_widgets":false,"_genesis_custom_body_class":"","_genesis_custom_post_class":"","_genesis_layout":"","footnotes":""},"categories":[39],"tags":[45],"class_list":["post-12875","post","type-post","status-publish","format-standard","category-communiques-de-presse","tag-home-fr","entry"],"acf":[],"_links":{"self":[{"href":"https:\/\/www.biotech.ca\/fr\/wp-json\/wp\/v2\/posts\/12875","targetHints":{"allow":["GET"]}}],"collection":[{"href":"https:\/\/www.biotech.ca\/fr\/wp-json\/wp\/v2\/posts"}],"about":[{"href":"https:\/\/www.biotech.ca\/fr\/wp-json\/wp\/v2\/types\/post"}],"author":[{"embeddable":true,"href":"https:\/\/www.biotech.ca\/fr\/wp-json\/wp\/v2\/users\/1"}],"replies":[{"embeddable":true,"href":"https:\/\/www.biotech.ca\/fr\/wp-json\/wp\/v2\/comments?post=12875"}],"version-history":[{"count":2,"href":"https:\/\/www.biotech.ca\/fr\/wp-json\/wp\/v2\/posts\/12875\/revisions"}],"predecessor-version":[{"id":17274,"href":"https:\/\/www.biotech.ca\/fr\/wp-json\/wp\/v2\/posts\/12875\/revisions\/17274"}],"wp:attachment":[{"href":"https:\/\/www.biotech.ca\/fr\/wp-json\/wp\/v2\/media?parent=12875"}],"wp:term":[{"taxonomy":"category","embeddable":true,"href":"https:\/\/www.biotech.ca\/fr\/wp-json\/wp\/v2\/categories?post=12875"},{"taxonomy":"post_tag","embeddable":true,"href":"https:\/\/www.biotech.ca\/fr\/wp-json\/wp\/v2\/tags?post=12875"}],"curies":[{"name":"wp","href":"https:\/\/api.w.org\/{rel}","templated":true}]}}