{"id":13682,"date":"2024-10-09T08:40:02","date_gmt":"2024-10-09T12:40:02","guid":{"rendered":"https:\/\/www.biotech.ca\/?p=13682"},"modified":"2024-10-09T09:10:15","modified_gmt":"2024-10-09T13:10:15","slug":"biotecanada-accueille-trois-nouveaux-membres-au-sein-de-son-conseil-dadministration","status":"publish","type":"post","link":"https:\/\/www.biotech.ca\/fr\/news\/biotecanada-accueille-trois-nouveaux-membres-au-sein-de-son-conseil-dadministration\/","title":{"rendered":"BIOTECanada accueille trois nouveaux membres au sein de son conseil d\u2019administration"},"content":{"rendered":"\n<p>[OTTAWA] BIOTECanada, l\u2019association nationale repr\u00e9sentant l\u2019\u00e9cosyst\u00e8me des biotechnologies du Canada, est fi\u00e8re d\u2019annoncer la nomination de trois nouveaux membres \u00e0 son conseil d\u2019administration&nbsp;: Anne Woods (premi\u00e8re directrice g\u00e9n\u00e9rale, sciences de la vie et services bancaires, RBCx), Tamer Mohamed (fondateur et chef de la direction, Aspect Biosystems) et Karen Heim (vice-pr\u00e9sidente et directrice g\u00e9n\u00e9rale, Canada, Alexion Pharmaceuticals). Ces chefs de file de l\u2019industrie feront profiter le conseil d\u2019administration de BIOTECanada de leurs riches connaissances, de leur vaste exp\u00e9rience et de leur leadership incomparable, qui aideront l\u2019association \u00e0 renforcer son engagement envers l\u2019avancement du secteur canadien des biotechnologies.<\/p>\n\n\n\n<p>\u00ab&nbsp;Nous sommes enchant\u00e9s d\u2019accueillir Anne, Tamer et Karen au sein du conseil d\u2019administration de BIOTECanada. Leur expertise combin\u00e9e rehaussera notre capacit\u00e9 \u00e0 attirer les investissements, \u00e0 \u00e9tablir la position du Canada \u00e0 titre de chef de file de la r\u00e9glementation, et \u00e0 promouvoir la croissance des soci\u00e9t\u00e9s de biotechnologies&nbsp;\u00bb, a d\u00e9clar\u00e9 Andrew Casey, pr\u00e9sident et chef de la direction de BIOTECanada. \u00ab&nbsp;Leurs parcours vari\u00e9s dans les secteurs de la finance, de l\u2019innovation, des soins de sant\u00e9 et de la mise en march\u00e9 seront des atouts de taille pour nous permettre de continuer de militer pour le secteur florissant des biotechnologies du Canada.&nbsp;\u00bb<\/p>\n\n\n\n<p>\u00ab&nbsp;L\u2019int\u00e9gration de ces professionnels de talent au conseil d\u2019administration de BIOTECanada est \u00e0 la fois emballante et essentielle. Leur expertise aidera \u00e0 orienter la planification et la vision strat\u00e9giques&nbsp;de BIOTECanada tandis que nous continuons de promouvoir la croissance des biotechnologies au pays&nbsp;\u00bb, a ajout\u00e9 Oliver Technow, chef de la direction de BIOVECTRA et pr\u00e9sident du conseil d\u2019administration.<br><br>Le conseil d\u2019administration de BIOTECanada incarne parfaitement la diversit\u00e9 des membres de l\u2019organisation et de l\u2019\u00e9cosyst\u00e8me \u00e9largi des biotechnologies au Canada. Pour conna\u00eetre la composition compl\u00e8te du conseil d\u2019administration de BIOTECanada, visitez <a href=\"https:\/\/www.biotech.ca\/fr\/a-propos\/personnel\/conseil-dadministration\/\">notre<\/a> site Web.<\/p>\n","protected":false},"excerpt":{"rendered":"<p>[OTTAWA] BIOTECanada, l\u2019association nationale repr\u00e9sentant l\u2019\u00e9cosyst\u00e8me des biotechnologies du Canada, est fi\u00e8re d\u2019annoncer la nomination de trois nouveaux membres \u00e0 son conseil d\u2019administration&nbsp;: Anne Woods (premi\u00e8re directrice g\u00e9n\u00e9rale, sciences de<\/p>\n<p class=\"more-link-box\"><a class=\"more-link button_a arrow\" href=\"https:\/\/www.biotech.ca\/fr\/news\/biotecanada-accueille-trois-nouveaux-membres-au-sein-de-son-conseil-dadministration\/\">Lire la suite<\/a><\/p>\n","protected":false},"author":1,"featured_media":0,"comment_status":"closed","ping_status":"closed","sticky":false,"template":"","format":"standard","meta":{"_acf_changed":false,"rank_math_lock_modified_date":false,"inline_featured_image":false,"_genesis_hide_title":false,"_genesis_hide_breadcrumbs":false,"_genesis_hide_singular_image":false,"_genesis_hide_footer_widgets":false,"_genesis_custom_body_class":"","_genesis_custom_post_class":"","_genesis_layout":"","footnotes":""},"categories":[39],"tags":[45],"class_list":["post-13682","post","type-post","status-publish","format-standard","category-communiques-de-presse","tag-home-fr","entry"],"acf":[],"_links":{"self":[{"href":"https:\/\/www.biotech.ca\/fr\/wp-json\/wp\/v2\/posts\/13682","targetHints":{"allow":["GET"]}}],"collection":[{"href":"https:\/\/www.biotech.ca\/fr\/wp-json\/wp\/v2\/posts"}],"about":[{"href":"https:\/\/www.biotech.ca\/fr\/wp-json\/wp\/v2\/types\/post"}],"author":[{"embeddable":true,"href":"https:\/\/www.biotech.ca\/fr\/wp-json\/wp\/v2\/users\/1"}],"replies":[{"embeddable":true,"href":"https:\/\/www.biotech.ca\/fr\/wp-json\/wp\/v2\/comments?post=13682"}],"version-history":[{"count":1,"href":"https:\/\/www.biotech.ca\/fr\/wp-json\/wp\/v2\/posts\/13682\/revisions"}],"predecessor-version":[{"id":13683,"href":"https:\/\/www.biotech.ca\/fr\/wp-json\/wp\/v2\/posts\/13682\/revisions\/13683"}],"wp:attachment":[{"href":"https:\/\/www.biotech.ca\/fr\/wp-json\/wp\/v2\/media?parent=13682"}],"wp:term":[{"taxonomy":"category","embeddable":true,"href":"https:\/\/www.biotech.ca\/fr\/wp-json\/wp\/v2\/categories?post=13682"},{"taxonomy":"post_tag","embeddable":true,"href":"https:\/\/www.biotech.ca\/fr\/wp-json\/wp\/v2\/tags?post=13682"}],"curies":[{"name":"wp","href":"https:\/\/api.w.org\/{rel}","templated":true}]}}