{"id":14481,"date":"2025-03-17T10:03:06","date_gmt":"2025-03-17T14:03:06","guid":{"rendered":"https:\/\/www.biotech.ca\/?p=14481"},"modified":"2025-03-17T10:03:09","modified_gmt":"2025-03-17T14:03:09","slug":"biotecanada-accueille-le-premier-ministre-mark-carney-et-son-nouveau-cabinet-federal","status":"publish","type":"post","link":"https:\/\/www.biotech.ca\/fr\/news\/biotecanada-accueille-le-premier-ministre-mark-carney-et-son-nouveau-cabinet-federal\/","title":{"rendered":"BIOTECanada accueille le premier ministre Mark Carney et son nouveau cabinet f\u00e9d\u00e9ral"},"content":{"rendered":"\n<p>En tant que porte-parole national de l\u2019industrie canadienne des biotechnologies, BIOTECanada d\u00e9fend les politiques qui favorisent l\u2019innovation, les investissements et la croissance des entreprises d\u2019ici. Dans la foul\u00e9e de la formation du nouveau gouvernement f\u00e9d\u00e9ral, nous demeurons engag\u00e9s \u00e0 promouvoir des cadres r\u00e9glementaires et des politiques d\u2019investissement solides, qui font du Canada un chef de file mondial des biotechnologies.<\/p>\n\n\n\n<p>En se dotant d\u2019un cadre r\u00e9glementaire r\u00e9fl\u00e9chi et de politiques d\u2019investissement comp\u00e9titives, le Canada dispose d\u2019une formidable opportunit\u00e9 de renforcer son secteur des sciences de la vie. Au cours des derni\u00e8res ann\u00e9es, ce secteur a su attirer des investissements de plus de 25&nbsp;milliards de dollars, une preuve tangible de sa force croissante et de son immense potentiel. Mais de m\u00eame, d\u2019autres grandes puissances \u00e9conomiques mondiales investissent massivement dans leur propre secteur national des sciences de la vie, motiv\u00e9es par le r\u00f4le vital jou\u00e9 par les innovations biotechnologiques dans l\u2019\u00e9conomie mondiale, la s\u00e9curit\u00e9 sanitaire et la souverainet\u00e9 des nations. Avec la bonne approche, nous pouvons concevoir et commercialiser des innovations de pointe capables de propulser la croissance \u00e9conomique nationale et d\u2019am\u00e9liorer la sant\u00e9 mondiale.<\/p>\n\n\n\n<p>Nous sommes heureux de pouvoir travailler avec le nouveau cabinet f\u00e9d\u00e9ral pour nous assurer que l\u2019innovation dans le secteur des biotechnologies demeure un moteur de croissance \u00e9conomique et de comp\u00e9titivit\u00e9 \u00e0 l\u2019\u00e9chelle mondiale pour le Canada.<\/p>\n","protected":false},"excerpt":{"rendered":"<p>En tant que porte-parole national de l\u2019industrie canadienne des biotechnologies, BIOTECanada d\u00e9fend les politiques qui favorisent l\u2019innovation, les investissements et la croissance des entreprises d\u2019ici. Dans la foul\u00e9e de la<\/p>\n<p class=\"more-link-box\"><a class=\"more-link button_a arrow\" href=\"https:\/\/www.biotech.ca\/fr\/news\/biotecanada-accueille-le-premier-ministre-mark-carney-et-son-nouveau-cabinet-federal\/\">Lire la suite<\/a><\/p>\n","protected":false},"author":1,"featured_media":0,"comment_status":"closed","ping_status":"closed","sticky":false,"template":"","format":"standard","meta":{"_acf_changed":false,"rank_math_lock_modified_date":false,"inline_featured_image":false,"_genesis_hide_title":false,"_genesis_hide_breadcrumbs":false,"_genesis_hide_singular_image":false,"_genesis_hide_footer_widgets":false,"_genesis_custom_body_class":"","_genesis_custom_post_class":"","_genesis_layout":"","footnotes":""},"categories":[58],"tags":[45],"class_list":["post-14481","post","type-post","status-publish","format-standard","category-declarations","tag-home-fr","entry"],"acf":[],"_links":{"self":[{"href":"https:\/\/www.biotech.ca\/fr\/wp-json\/wp\/v2\/posts\/14481","targetHints":{"allow":["GET"]}}],"collection":[{"href":"https:\/\/www.biotech.ca\/fr\/wp-json\/wp\/v2\/posts"}],"about":[{"href":"https:\/\/www.biotech.ca\/fr\/wp-json\/wp\/v2\/types\/post"}],"author":[{"embeddable":true,"href":"https:\/\/www.biotech.ca\/fr\/wp-json\/wp\/v2\/users\/1"}],"replies":[{"embeddable":true,"href":"https:\/\/www.biotech.ca\/fr\/wp-json\/wp\/v2\/comments?post=14481"}],"version-history":[{"count":1,"href":"https:\/\/www.biotech.ca\/fr\/wp-json\/wp\/v2\/posts\/14481\/revisions"}],"predecessor-version":[{"id":14482,"href":"https:\/\/www.biotech.ca\/fr\/wp-json\/wp\/v2\/posts\/14481\/revisions\/14482"}],"wp:attachment":[{"href":"https:\/\/www.biotech.ca\/fr\/wp-json\/wp\/v2\/media?parent=14481"}],"wp:term":[{"taxonomy":"category","embeddable":true,"href":"https:\/\/www.biotech.ca\/fr\/wp-json\/wp\/v2\/categories?post=14481"},{"taxonomy":"post_tag","embeddable":true,"href":"https:\/\/www.biotech.ca\/fr\/wp-json\/wp\/v2\/tags?post=14481"}],"curies":[{"name":"wp","href":"https:\/\/api.w.org\/{rel}","templated":true}]}}