{"id":16107,"date":"2025-06-09T08:30:00","date_gmt":"2025-06-09T12:30:00","guid":{"rendered":"https:\/\/www.biotech.ca\/?p=16107"},"modified":"2025-06-06T13:01:53","modified_gmt":"2025-06-06T17:01:53","slug":"biotecanada-annonce-les-laureats-des-feuilles-dor-2025-et-braque-les-projecteurs-sur-le-leadership-et-linnovation-dans-le-secteur-canadien-des-biotechnologies","status":"publish","type":"post","link":"https:\/\/www.biotech.ca\/fr\/news\/biotecanada-annonce-les-laureats-des-feuilles-dor-2025-et-braque-les-projecteurs-sur-le-leadership-et-linnovation-dans-le-secteur-canadien-des-biotechnologies\/","title":{"rendered":"BIOTECanada annonce les laur\u00e9ats des Feuilles d\u2019or\u00a02025 et braque les projecteurs sur le leadership et l\u2019innovation dans le secteur canadien des biotechnologies"},"content":{"rendered":"\n<p>OTTAWA \u2013 BIOTECanada, l\u2019association nationale repr\u00e9sentant l\u2019\u00e9cosyst\u00e8me des biotechnologies du Canada, est fi\u00e8re de d\u00e9voiler les laur\u00e9ats des Feuilles d\u2019or&nbsp;2025, une r\u00e9compense soulignant les r\u00e9alisations exceptionnelles des professionnels et des organisations qui contribuent activement au rayonnement de l\u2019industrie canadienne en cette p\u00e9riode de croissance mondiale sans pr\u00e9c\u00e9dent.<\/p>\n\n\n\n<p><strong>Les gagnants pour 2025 sont&nbsp;:<\/strong><\/p>\n\n\n\n<ul class=\"wp-block-list\">\n<li>Prix de l\u2019Entreprise de biotechnologie de l\u2019ann\u00e9e\u00a0: <strong>enGene<\/strong><\/li>\n\n\n\n<li>Prix de l\u2019Entreprise de biotechnologie prometteuse de l\u2019ann\u00e9e\u00a0: <strong>35Pharma<\/strong><\/li>\n\n\n\n<li>Prix de leadership au sein de l\u2019industrie (b\u00e2tisseur d\u2019\u00e9cosyst\u00e8me)\u00a0: <strong>Nancy Harrison<\/strong><\/li>\n\n\n\n<li>Prix de leadership au sein de la communaut\u00e9 (recherche et innovation)\u00a0: <strong>Diane Gosselin<\/strong><\/li>\n<\/ul>\n\n\n\n<p>\u00ab&nbsp;Le monde entier se tourne aujourd\u2019hui vers les biotechnologies pour trouver des solutions aux plus grands d\u00e9fis sanitaires de notre \u00e9poque, et le Canada rel\u00e8ve ce d\u00e9fi avec brio&nbsp;\u00bb, a d\u00e9clar\u00e9 <strong>Wendy Zatylny<\/strong>, pr\u00e9sidente et cheffe de la direction de BIOTECanada. \u00ab&nbsp;Cette ann\u00e9e, les laur\u00e9ats des Feuilles d\u2019or refl\u00e8tent le talent, le leadership et l\u2019\u00e9lan exceptionnels qui propulsent le secteur national des biotechnologies.&nbsp;\u00bb<strong>&nbsp;<\/strong><\/p>\n\n\n\n<p>\u00ab&nbsp;Les Feuilles d\u2019or mettent en lumi\u00e8re les nombreux visages de l\u2019excellence au sein du secteur canadien des biotechnologies. Par leurs perc\u00e9es scientifiques, leur leadership en mati\u00e8re d\u2019investissement ou leur contribution \u00e0 la communaut\u00e9, les laur\u00e9ats de cette ann\u00e9e t\u00e9moignent de la vaste influence exerc\u00e9e par les biotechnologies d\u2019un oc\u00e9an \u00e0 l\u2019autre&nbsp;\u00bb, a ajout\u00e9 <strong>Oliver Technow<\/strong>, pr\u00e9sident du conseil d\u2019administration de BIOTECanada et pr\u00e9sident de Morpheus Management Consulting.<\/p>\n\n\n\n<p>Un groupe consultatif ind\u00e9pendant, compos\u00e9 de chefs de file membres de BIOTECanada, a jou\u00e9 un r\u00f4le central dans l\u2019\u00e9valuation des cat\u00e9gories, l\u2019examen des candidatures et la s\u00e9lection des laur\u00e9ats. BIOTECanada souhaite remercier ses membres pour leur pr\u00e9cieuse contribution.<\/p>\n\n\n\n<p><strong>Membres du groupe consultatif des Feuilles d\u2019or&nbsp;2025&nbsp;:<\/strong><\/p>\n\n\n\n<ul class=\"wp-block-list\">\n<li>Maxime Pesant \u2013 Fonds de solidarit\u00e9 FTQ<\/li>\n\n\n\n<li>John Norman\u00a0\u2013 Gowling WLG (Canada) LLP<\/li>\n\n\n\n<li>Shermaine Tilley\u00a0\u2013 Fonds CTI Sciences de la vie<\/li>\n\n\n\n<li>Penny Walsh-McGuire \u2013\u00a0Alliance canadienne pour la formation et le d\u00e9veloppement de comp\u00e9tences en sciences de la vie<\/li>\n\n\n\n<li>Brian Bloom \u2013 Bloom Burton &amp; Co.<\/li>\n\n\n\n<li>St\u00e9phanie Michaud \u2013 BioCanRx<br><\/li>\n<\/ul>\n\n\n\n<p>Les laur\u00e9ats des Feuilles d\u2019or&nbsp;2025 seront c\u00e9l\u00e9br\u00e9s dans le cadre du congr\u00e8s BIO International de Boston, le mardi <strong>17&nbsp;juin<\/strong>, \u00e0<strong> 16&nbsp;h<\/strong>, au <strong>Pavillon du Canada<\/strong>.Pour en savoir plus sur les cat\u00e9gories et les laur\u00e9ats, <strong>visitez le&nbsp;<\/strong><a href=\"http:\/\/www.biotech.ca\/fr\/a-propos\/les-feuilles-dor\">www.biotech.ca\/fr\/a-propos\/les-feuilles-dor<\/a><\/p>\n","protected":false},"excerpt":{"rendered":"<p>OTTAWA \u2013 BIOTECanada, l\u2019association nationale repr\u00e9sentant l\u2019\u00e9cosyst\u00e8me des biotechnologies du Canada, est fi\u00e8re de d\u00e9voiler les laur\u00e9ats des Feuilles d\u2019or&nbsp;2025, une r\u00e9compense soulignant les r\u00e9alisations exceptionnelles des professionnels et des<\/p>\n<p class=\"more-link-box\"><a class=\"more-link button_a arrow\" href=\"https:\/\/www.biotech.ca\/fr\/news\/biotecanada-annonce-les-laureats-des-feuilles-dor-2025-et-braque-les-projecteurs-sur-le-leadership-et-linnovation-dans-le-secteur-canadien-des-biotechnologies\/\">Lire la suite<\/a><\/p>\n","protected":false},"author":1,"featured_media":0,"comment_status":"closed","ping_status":"closed","sticky":false,"template":"","format":"standard","meta":{"_acf_changed":false,"rank_math_lock_modified_date":false,"inline_featured_image":false,"_genesis_hide_title":false,"_genesis_hide_breadcrumbs":false,"_genesis_hide_singular_image":false,"_genesis_hide_footer_widgets":false,"_genesis_custom_body_class":"","_genesis_custom_post_class":"","_genesis_layout":"","footnotes":""},"categories":[39],"tags":[45],"class_list":["post-16107","post","type-post","status-publish","format-standard","category-communiques-de-presse","tag-home-fr","entry"],"acf":[],"_links":{"self":[{"href":"https:\/\/www.biotech.ca\/fr\/wp-json\/wp\/v2\/posts\/16107","targetHints":{"allow":["GET"]}}],"collection":[{"href":"https:\/\/www.biotech.ca\/fr\/wp-json\/wp\/v2\/posts"}],"about":[{"href":"https:\/\/www.biotech.ca\/fr\/wp-json\/wp\/v2\/types\/post"}],"author":[{"embeddable":true,"href":"https:\/\/www.biotech.ca\/fr\/wp-json\/wp\/v2\/users\/1"}],"replies":[{"embeddable":true,"href":"https:\/\/www.biotech.ca\/fr\/wp-json\/wp\/v2\/comments?post=16107"}],"version-history":[{"count":1,"href":"https:\/\/www.biotech.ca\/fr\/wp-json\/wp\/v2\/posts\/16107\/revisions"}],"predecessor-version":[{"id":16108,"href":"https:\/\/www.biotech.ca\/fr\/wp-json\/wp\/v2\/posts\/16107\/revisions\/16108"}],"wp:attachment":[{"href":"https:\/\/www.biotech.ca\/fr\/wp-json\/wp\/v2\/media?parent=16107"}],"wp:term":[{"taxonomy":"category","embeddable":true,"href":"https:\/\/www.biotech.ca\/fr\/wp-json\/wp\/v2\/categories?post=16107"},{"taxonomy":"post_tag","embeddable":true,"href":"https:\/\/www.biotech.ca\/fr\/wp-json\/wp\/v2\/tags?post=16107"}],"curies":[{"name":"wp","href":"https:\/\/api.w.org\/{rel}","templated":true}]}}