{"id":16243,"date":"2025-06-16T10:10:00","date_gmt":"2025-06-16T14:10:00","guid":{"rendered":"https:\/\/www.biotech.ca\/?p=16243"},"modified":"2025-10-31T15:44:54","modified_gmt":"2025-10-31T19:44:54","slug":"biotecanada-ouvre-les-portes-du-pavillon-du-canada-a-bio-2025-et-celebre-le-leadership-canadien-dans-le-secteur-des-biotechnologies","status":"publish","type":"post","link":"https:\/\/www.biotech.ca\/fr\/news\/biotecanada-ouvre-les-portes-du-pavillon-du-canada-a-bio-2025-et-celebre-le-leadership-canadien-dans-le-secteur-des-biotechnologies\/","title":{"rendered":"BIOTECanada ouvre les portes du Pavillon du Canada \u00e0 BIO\u00a02025 et c\u00e9l\u00e8bre le leadership canadien dans le secteur des biotechnologies"},"content":{"rendered":"\n<p><strong>Le 16&nbsp;juin 2025<\/strong><\/p>\n\n\n\n<p><strong>[OTTAWA] \u2013 <\/strong>BIOTECanada ouvre officiellement les portes du Pavillon du Canada au congr\u00e8s BIO International de Boston. Ce faisant, l\u2019association souhaite mettre en lumi\u00e8re le leadership du Canada en mati\u00e8re de biotechnologies dans le cadre du plus important rassemblement mondial de l\u2019industrie.<\/p>\n\n\n\n<p>Ce congr\u00e8s annuel pr\u00e9sent\u00e9 par Biotechnology Innovation Organization (BIO) regroupe pendant quatre jours des milliers de chefs de file mondiaux des biotechnologies et de la biopharmacie, qui participent \u00e0 divers \u00e9v\u00e9nements, activit\u00e9s de r\u00e9seautage, conf\u00e9rences et occasions de partenariats.&nbsp;<\/p>\n\n\n\n<p>Le Pavillon du Canada pr\u00e9sentera une programmation dynamique soulignant les capacit\u00e9s croissantes, les partenariats et les actifs nationaux du secteur des biotechnologies, notamment dans des domaines de pointe, tels que les produits pharmaco-radioactifs. Il sera \u00e9galement l\u2019h\u00f4te de la c\u00e9r\u00e9monie de remise des Feuilles d\u2019or&nbsp;2025, le mardi&nbsp;17&nbsp;juin, \u00e0 16&nbsp;h. Ces r\u00e9compenses soulignent la contribution des professionnels et des entreprises d\u2019exception qui propulsent le secteur canadien des biotechnologies. Consultez l\u2019horaire complet <a href=\"https:\/\/www.biotech.ca\/fr\/a-propos\/canada-bio-fr\/\">ici<\/a>.<\/p>\n\n\n\n<p>Dans le cadre de BIO International, le Pavillon du Canada accueillera plus de 400&nbsp;soci\u00e9t\u00e9s et organisations canadiennes qui refl\u00e8tent la force et l\u2019\u00e9lan sans pr\u00e9c\u00e9dent d\u2019un secteur qui a su attirer des milliards de dollars en partenariats et en investissements internationaux. Ces entreprises sont \u00e0 la source d\u2019innovations remarquables dans les domaines de la m\u00e9decine r\u00e9g\u00e9n\u00e9rative, de la biofabrication, de l\u2019intelligence artificielle, des vaccins, des essais cliniques et de la g\u00e9nomique, et contribuent \u00e0 asseoir la position du Canada \u00e0 titre de partenaire de confiance \u00e0 l\u2019\u00e9chelle mondiale.<\/p>\n\n\n\n<p>\u00ab&nbsp;Le secteur canadien des biotechnologies red\u00e9finit les possibilit\u00e9s de demain en r\u00e9alisant des perc\u00e9es scientifiques prometteuses, en b\u00e2tissant des entreprises solides, en am\u00e9liorant la sant\u00e9 de la population et en dynamisant l\u2019\u00e9conomie&nbsp;\u00bb, a d\u00e9clar\u00e9 Wendy Zatylny, pr\u00e9sidente et cheffe de la direction de BIOTECanada. \u00ab&nbsp;Nous sommes fiers de cr\u00e9er une vitrine pour l\u2019innovation canadienne dans le carrefour mondial des biotechnologies qu\u2019est Boston.&nbsp;\u00bb<\/p>\n\n\n\n<p>\u00ab&nbsp;Encore une fois cette ann\u00e9e, le Canada repr\u00e9sente l\u2019une des d\u00e9l\u00e9gations les plus importantes \u00e0 BIO International. Cette pr\u00e9sence marqu\u00e9e t\u00e9moigne de l\u2019\u00e9nergie, de l\u2019ambition et de l\u2019expertise qui fa\u00e7onnent l\u2019avenir de l\u2019innovation en sant\u00e9&nbsp;\u00bb, a conclu Mme&nbsp;Zatylny.<\/p>\n\n\n\n<p>BIOTECanada souhaite remercier les partenaires du Pavillon du Canada pour leur collaboration, qui a grandement rehauss\u00e9 la pr\u00e9sence du Canada \u00e0 BIO International. Pour conna\u00eetre la programmation compl\u00e8te du Pavillon du Canada, visitez <a href=\"https:\/\/www.biotech.ca\/fr\/a-propos\/canada-bio-fr\/\">Canada@BIO<\/a>.<\/p>\n","protected":false},"excerpt":{"rendered":"<p>Le 16&nbsp;juin 2025 [OTTAWA] \u2013 BIOTECanada ouvre officiellement les portes du Pavillon du Canada au congr\u00e8s BIO International de Boston. Ce faisant, l\u2019association souhaite mettre en lumi\u00e8re le leadership du<\/p>\n<p class=\"more-link-box\"><a class=\"more-link button_a arrow\" href=\"https:\/\/www.biotech.ca\/fr\/news\/biotecanada-ouvre-les-portes-du-pavillon-du-canada-a-bio-2025-et-celebre-le-leadership-canadien-dans-le-secteur-des-biotechnologies\/\">Lire la suite<\/a><\/p>\n","protected":false},"author":1,"featured_media":0,"comment_status":"closed","ping_status":"closed","sticky":false,"template":"","format":"standard","meta":{"_acf_changed":false,"rank_math_lock_modified_date":false,"inline_featured_image":false,"_genesis_hide_title":false,"_genesis_hide_breadcrumbs":false,"_genesis_hide_singular_image":false,"_genesis_hide_footer_widgets":false,"_genesis_custom_body_class":"","_genesis_custom_post_class":"","_genesis_layout":"","footnotes":""},"categories":[39],"tags":[45],"class_list":["post-16243","post","type-post","status-publish","format-standard","category-communiques-de-presse","tag-home-fr","entry"],"acf":[],"_links":{"self":[{"href":"https:\/\/www.biotech.ca\/fr\/wp-json\/wp\/v2\/posts\/16243","targetHints":{"allow":["GET"]}}],"collection":[{"href":"https:\/\/www.biotech.ca\/fr\/wp-json\/wp\/v2\/posts"}],"about":[{"href":"https:\/\/www.biotech.ca\/fr\/wp-json\/wp\/v2\/types\/post"}],"author":[{"embeddable":true,"href":"https:\/\/www.biotech.ca\/fr\/wp-json\/wp\/v2\/users\/1"}],"replies":[{"embeddable":true,"href":"https:\/\/www.biotech.ca\/fr\/wp-json\/wp\/v2\/comments?post=16243"}],"version-history":[{"count":2,"href":"https:\/\/www.biotech.ca\/fr\/wp-json\/wp\/v2\/posts\/16243\/revisions"}],"predecessor-version":[{"id":17278,"href":"https:\/\/www.biotech.ca\/fr\/wp-json\/wp\/v2\/posts\/16243\/revisions\/17278"}],"wp:attachment":[{"href":"https:\/\/www.biotech.ca\/fr\/wp-json\/wp\/v2\/media?parent=16243"}],"wp:term":[{"taxonomy":"category","embeddable":true,"href":"https:\/\/www.biotech.ca\/fr\/wp-json\/wp\/v2\/categories?post=16243"},{"taxonomy":"post_tag","embeddable":true,"href":"https:\/\/www.biotech.ca\/fr\/wp-json\/wp\/v2\/tags?post=16243"}],"curies":[{"name":"wp","href":"https:\/\/api.w.org\/{rel}","templated":true}]}}