{"id":17967,"date":"2026-03-09T09:37:01","date_gmt":"2026-03-09T13:37:01","guid":{"rendered":"https:\/\/www.biotech.ca\/?p=17967"},"modified":"2026-03-09T09:38:42","modified_gmt":"2026-03-09T13:38:42","slug":"delegation-genomique-a-boston-juin-2026","status":"publish","type":"post","link":"https:\/\/www.biotech.ca\/fr\/news\/delegation-genomique-a-boston-juin-2026\/","title":{"rendered":"D\u00e9l\u00e9gation g\u00e9nomique \u00e0 Boston \u2013 juin 2026"},"content":{"rendered":"\n<p>Le Secr\u00e9tariat de la Strat\u00e9gie canadienne en mati\u00e8re de g\u00e9nomique (SGC), Affaires mondiales Canada par l&#8217;interm\u00e9diaire du Consulat g\u00e9n\u00e9ral du Canada \u00e0 Boston, et en collaboration avec G\u00e9nome Canada, ont le plaisir d\u2019organiser une mission commerciale en g\u00e9nomique \u00e0 Boston&nbsp;<strong>durant la premi\u00e8re semaine de juin 2026.<\/strong><\/p>\n\n\n\n<p>Les entreprises g\u00e9nomiques canadiennes qui auront \u00e9t\u00e9 s\u00e9lectionn\u00e9es pour faire partie de la d\u00e9l\u00e9gation canadienne b\u00e9n\u00e9ficieront de sessions organis\u00e9es pour faciliter le d\u00e9veloppement des affaires avec des utilisateurs finaux potentiels et des organisations de capital de risque situ\u00e9es dans la r\u00e9gion de Boston.&nbsp;La mission se d\u00e9roulera en marge du&nbsp;<a href=\"https:\/\/linkprotect.cudasvc.com\/url?a=https%3a%2f%2ffestivalofgenomics.com%2fBoston&amp;c=E,1,9dZjx1p-VOJPIrWT6LswLAI13CNWhgz-p65UdXpZYulk8tmhA9CAc7RKsQwEO1sRg0gnqJuVteJbMkDT1-Ep-OhO57XI1m6UvFIEnwCu4A,,&amp;typo=1\" target=\"_blank\" rel=\"noreferrer noopener\"><em>Festival of Genomics, Biodata and Artificial Intelligence<\/em><\/a>&nbsp;(3 \u2013 4 juin). Il s&#8217;agira notamment d&#8217;opportunit\u00e9s cibl\u00e9es de r\u00e9seautage, de pr\u00e9sentation et de rencontres. Nous \u00e9tudions \u00e9galement la possibilit\u00e9 d&#8217;organiser des visites de sites aupr\u00e8s d\u2019acteurs de premier plan et\/ou d&#8217;institutions de recherche cl\u00e9s impliqu\u00e9es dans le domaine g\u00e9nomique, en fonction de l&#8217;int\u00e9r\u00eat qu\u2019elles suscitent.<\/p>\n\n\n\n<p>Si vous souhaitez en savoir plus avant de vous engager \u00e0 participer,&nbsp;<strong>joignez-vous \u00e0 nous le 12 mars 2026 \u00e0 15 h 00 (Ottawa HNE)<\/strong>&nbsp;<strong>pour une s\u00e9ance d&#8217;information virtuelle<\/strong>&nbsp;au cours de laquelle vous pourrez \u00e9galement poser des questions.&nbsp; Pour participer \u00e0 cette session d&#8217;information,&nbsp;<strong>veuillez-vous inscrire ici<\/strong>&nbsp;:&nbsp;<a href=\"https:\/\/events.teams.microsoft.com\/event\/a4e6c304-2847-4676-8117-6457d1e87775@b72ac62f-06d5-4cd5-824e-ee92319a4676\" target=\"_blank\" rel=\"noreferrer noopener\"><strong>Inscription<\/strong><\/a><\/p>\n\n\n\n<p>Calendrier :<\/p>\n\n\n\n<ul class=\"wp-block-list\">\n<li>Jeudi 12 mars 2026\u2014 S\u00e9ance d&#8217;information virtuelle<\/li>\n\n\n\n<li>Mardi 24 mars 2026 \u2014 Formulaire de demande de participation de l\u2019entreprise soumis au Secr\u00e9tariat du SGC<\/li>\n\n\n\n<li>Semaine du 6 avril 2026 \u2014 Composition de la d\u00e9l\u00e9gation canadienne finalis\u00e9e<\/li>\n\n\n\n<li>Du 13 avril au 8 mai \u2014 \u00c9changes avec les membres de la d\u00e9l\u00e9gation pour aider \u00e0 affiner le programme<\/li>\n\n\n\n<li>Semaine du 1er juin 2026 \u2014 Mission commerciale en g\u00e9nomique \u00e0 Boston<\/li>\n<\/ul>\n","protected":false},"excerpt":{"rendered":"<p>Le Secr\u00e9tariat de la Strat\u00e9gie canadienne en mati\u00e8re de g\u00e9nomique (SGC), Affaires mondiales Canada par l&#8217;interm\u00e9diaire du Consulat g\u00e9n\u00e9ral du Canada \u00e0 Boston, et en collaboration avec G\u00e9nome Canada, ont<\/p>\n<p class=\"more-link-box\"><a class=\"more-link button_a arrow\" href=\"https:\/\/www.biotech.ca\/fr\/news\/delegation-genomique-a-boston-juin-2026\/\">Lire la suite<\/a><\/p>\n","protected":false},"author":1,"featured_media":0,"comment_status":"closed","ping_status":"closed","sticky":false,"template":"","format":"standard","meta":{"_acf_changed":false,"rank_math_lock_modified_date":false,"inline_featured_image":false,"_genesis_hide_title":false,"_genesis_hide_breadcrumbs":false,"_genesis_hide_singular_image":false,"_genesis_hide_footer_widgets":false,"_genesis_custom_body_class":"","_genesis_custom_post_class":"","_genesis_layout":"","footnotes":""},"categories":[69],"tags":[],"class_list":["post-17967","post","type-post","status-publish","format-standard","category-communiques-des-membres","entry"],"acf":[],"_links":{"self":[{"href":"https:\/\/www.biotech.ca\/fr\/wp-json\/wp\/v2\/posts\/17967","targetHints":{"allow":["GET"]}}],"collection":[{"href":"https:\/\/www.biotech.ca\/fr\/wp-json\/wp\/v2\/posts"}],"about":[{"href":"https:\/\/www.biotech.ca\/fr\/wp-json\/wp\/v2\/types\/post"}],"author":[{"embeddable":true,"href":"https:\/\/www.biotech.ca\/fr\/wp-json\/wp\/v2\/users\/1"}],"replies":[{"embeddable":true,"href":"https:\/\/www.biotech.ca\/fr\/wp-json\/wp\/v2\/comments?post=17967"}],"version-history":[{"count":2,"href":"https:\/\/www.biotech.ca\/fr\/wp-json\/wp\/v2\/posts\/17967\/revisions"}],"predecessor-version":[{"id":17969,"href":"https:\/\/www.biotech.ca\/fr\/wp-json\/wp\/v2\/posts\/17967\/revisions\/17969"}],"wp:attachment":[{"href":"https:\/\/www.biotech.ca\/fr\/wp-json\/wp\/v2\/media?parent=17967"}],"wp:term":[{"taxonomy":"category","embeddable":true,"href":"https:\/\/www.biotech.ca\/fr\/wp-json\/wp\/v2\/categories?post=17967"},{"taxonomy":"post_tag","embeddable":true,"href":"https:\/\/www.biotech.ca\/fr\/wp-json\/wp\/v2\/tags?post=17967"}],"curies":[{"name":"wp","href":"https:\/\/api.w.org\/{rel}","templated":true}]}}