{"id":19159,"date":"2026-08-31T08:51:22","date_gmt":"2026-08-31T12:51:22","guid":{"rendered":"https:\/\/www.biotech.ca\/?p=19159"},"modified":"2026-08-31T09:12:40","modified_gmt":"2026-08-31T13:12:40","slug":"biotecanada-devoile-les-laureats-des-feuilles-dor-2026-et-celebre-lexcellence-au-sein-de-lecosysteme-canadien-des-biotechnologies","status":"publish","type":"post","link":"https:\/\/www.biotech.ca\/fr\/news\/biotecanada-devoile-les-laureats-des-feuilles-dor-2026-et-celebre-lexcellence-au-sein-de-lecosysteme-canadien-des-biotechnologies\/","title":{"rendered":"BIOTECanada d\u00e9voile les laur\u00e9ats des Feuilles d\u2019or 2026 et c\u00e9l\u00e8bre l\u2019excellence au sein de l\u2019\u00e9cosyst\u00e8me canadien des biotechnologies"},"content":{"rendered":"\n<p class=\"wp-block-paragraph\">OTTAWA \u2013 BIOTECanada, l\u2019association nationale repr\u00e9sentant le secteur des biotechnologies du Canada, est fi\u00e8re de d\u00e9voiler les laur\u00e9ats des Feuilles d\u2019or 2026, une r\u00e9compense qui souligne le leadership, l\u2019innovation et l\u2019influence.<\/p>\n\n\n\n<p class=\"wp-block-paragraph\">Depuis plus de 20 ans, les Feuilles d\u2019or c\u00e9l\u00e8brent les gens et les organisations qui renforcent le secteur canadien des biotechnologies et font rayonner l\u2019innovation canadienne \u00e0 l\u2019\u00e9tranger. Les laur\u00e9ats de cette ann\u00e9e \u2013 soci\u00e9t\u00e9s internationalement reconnues, jeunes pousses visionnaires, chercheurs et chefs de file du secteur \u2013 t\u00e9moignent de l\u2019\u00e9tendue et de la force exceptionnelles de l\u2019\u00e9cosyst\u00e8me canadien des biotechnologies.<\/p>\n\n\n\n<p class=\"wp-block-paragraph\">Les laur\u00e9ats des Feuilles d\u2019or 2026 sont :<\/p>\n\n\n\n<ul class=\"wp-block-list\">\n<li>Prix de l\u2019Entreprise de biotechnologie de l\u2019ann\u00e9e : Xenon Pharmaceuticals Inc.<\/li>\n\n\n\n<li>Prix de l\u2019Entreprise de biotechnologie prometteuse de l\u2019ann\u00e9e : Ripple Therapeutics<\/li>\n\n\n\n<li>Prix de leadership au sein de l\u2019industrie (b\u00e2tisseur d\u2019\u00e9cosyst\u00e8me) : Dr Allen Eaves<\/li>\n\n\n\n<li>Prix de leadership au sein de la communaut\u00e9 (recherche et innovation) : Dr Massimiliano Paganelli et Dre Claudia Raggi<\/li>\n<\/ul>\n\n\n\n<p class=\"wp-block-paragraph\">\u00ab Le secteur canadien des biotechnologies est b\u00e2ti par des professionnels dont la vision, la discipline et l\u2019ambition transforment la science en entreprises mondialement comp\u00e9titives, qui renforcent la s\u00e9curit\u00e9 sanitaire, l\u2019\u00e9conomie et le statut du Canada \u00e0 l\u2019\u00e9tranger \u00bb, a d\u00e9clar\u00e9 Wendy Zatylny, pr\u00e9sidente et cheffe de la direction de BIOTECanada. \u00ab Cette ann\u00e9e, les gagnants des Feuilles d\u2019or refl\u00e8tent la force de notre \u00e9cosyst\u00e8me et l\u2019\u00e9lan exceptionnel qui propulse le secteur national des biotechnologies. Leur travail illustre ce qui est possible lorsque l\u2019innovation canadienne est soutenue, d\u00e9velopp\u00e9e et judicieusement positionn\u00e9e pour faire sa marque sur l\u2019\u00e9chiquier mondial. \u00bb<\/p>\n\n\n\n<p class=\"wp-block-paragraph\">\u00ab Les laur\u00e9ats de cette ann\u00e9e incarnent le type de leadership responsable de l\u2019\u00e9lan spectaculaire de notre secteur \u00bb, a ajout\u00e9 Oliver Technow, pr\u00e9sident du conseil d\u2019administration de BIOTECanada. \u00ab Leurs r\u00e9alisations t\u00e9moignent de la port\u00e9e des biotechnologies canadiennes, et de leur capacit\u00e9 \u00e0 attirer les investissements, \u00e0 conserver le talent chez nous et \u00e0 b\u00e2tir des entreprises sur des bases solides. \u00bb<\/p>\n\n\n\n<p class=\"wp-block-paragraph\">Les laur\u00e9ats ont \u00e9t\u00e9 s\u00e9lectionn\u00e9s par un comit\u00e9 ind\u00e9pendant compos\u00e9 de chefs de file r\u00e9put\u00e9s des secteurs canadiens des biotechnologies et des sciences de la vie.<\/p>\n\n\n\n<p class=\"wp-block-paragraph\">BIOTECanada souhaite remercier les membres du comit\u00e9 pour leur temps, leur expertise et leur contribution \u00e9clair\u00e9e au processus de s\u00e9lection.<\/p>\n\n\n\n<p class=\"wp-block-paragraph\">Membres du comit\u00e9 de s\u00e9lection des Feuilles d\u2019or 2026 :<\/p>\n\n\n\n<ul class=\"wp-block-list\">\n<li>Brian Bloom \u2013 Bloom Burton &amp; Co.<\/li>\n\n\n\n<li>St\u00e9phanie Michaud \u2013 BioCanRx<\/li>\n\n\n\n<li>Maxime Pesant \u2013 Fonds de solidarit\u00e9 FTQ<\/li>\n\n\n\n<li>John Norman \u2013 Gowling WLG<\/li>\n\n\n\n<li>Shermaine Tilley \u2013 Fonds CTI Sciences de la vie<\/li>\n\n\n\n<li>Penny Walsh \u2013 Alliance canadienne pour la formation et le d\u00e9veloppement de comp\u00e9tences en sciences de la vie<\/li>\n<\/ul>\n\n\n\n<p class=\"wp-block-paragraph\">La c\u00e9r\u00e9monie de remise des Feuilles d\u2019or 2026 aura lieu le 22 septembre au Centre national des arts d\u2019Ottawa, dans le cadre de BIONATION, rassemblement national de BIOTECanada regroupant chefs de file des biotechnologies, d\u00e9cideurs, investisseurs et partenaires de l\u2019\u00e9cosyst\u00e8me. Pour en savoir plus sur les prix et les laur\u00e9ats, rendez-vous au : <a href=\"https:\/\/www.biotech.ca\/fr\/a-propos\/les-feuilles-dor\/\">biotech.ca\/fr\/a-propos\/les-feuilles-dor\/<\/a><\/p>\n","protected":false},"excerpt":{"rendered":"<p>OTTAWA \u2013 BIOTECanada, l\u2019association nationale repr\u00e9sentant le secteur des biotechnologies du Canada, est fi\u00e8re de d\u00e9voiler les laur\u00e9ats des Feuilles d\u2019or 2026, une r\u00e9compense qui souligne le leadership, l\u2019innovation et<\/p>\n<p class=\"more-link-box\"><a class=\"more-link button_a arrow\" href=\"https:\/\/www.biotech.ca\/fr\/news\/biotecanada-devoile-les-laureats-des-feuilles-dor-2026-et-celebre-lexcellence-au-sein-de-lecosysteme-canadien-des-biotechnologies\/\">Lire la suite<\/a><\/p>\n","protected":false},"author":1,"featured_media":0,"comment_status":"closed","ping_status":"closed","sticky":false,"template":"","format":"standard","meta":{"_acf_changed":false,"rank_math_lock_modified_date":false,"inline_featured_image":false,"_genesis_hide_title":false,"_genesis_hide_breadcrumbs":false,"_genesis_hide_singular_image":false,"_genesis_hide_footer_widgets":false,"_genesis_custom_body_class":"","_genesis_custom_post_class":"","_genesis_layout":"","footnotes":""},"categories":[39],"tags":[45],"class_list":["post-19159","post","type-post","status-publish","format-standard","category-communiques-de-presse","tag-home-fr","entry"],"acf":[],"_links":{"self":[{"href":"https:\/\/www.biotech.ca\/fr\/wp-json\/wp\/v2\/posts\/19159","targetHints":{"allow":["GET"]}}],"collection":[{"href":"https:\/\/www.biotech.ca\/fr\/wp-json\/wp\/v2\/posts"}],"about":[{"href":"https:\/\/www.biotech.ca\/fr\/wp-json\/wp\/v2\/types\/post"}],"author":[{"embeddable":true,"href":"https:\/\/www.biotech.ca\/fr\/wp-json\/wp\/v2\/users\/1"}],"replies":[{"embeddable":true,"href":"https:\/\/www.biotech.ca\/fr\/wp-json\/wp\/v2\/comments?post=19159"}],"version-history":[{"count":3,"href":"https:\/\/www.biotech.ca\/fr\/wp-json\/wp\/v2\/posts\/19159\/revisions"}],"predecessor-version":[{"id":19181,"href":"https:\/\/www.biotech.ca\/fr\/wp-json\/wp\/v2\/posts\/19159\/revisions\/19181"}],"wp:attachment":[{"href":"https:\/\/www.biotech.ca\/fr\/wp-json\/wp\/v2\/media?parent=19159"}],"wp:term":[{"taxonomy":"category","embeddable":true,"href":"https:\/\/www.biotech.ca\/fr\/wp-json\/wp\/v2\/categories?post=19159"},{"taxonomy":"post_tag","embeddable":true,"href":"https:\/\/www.biotech.ca\/fr\/wp-json\/wp\/v2\/tags?post=19159"}],"curies":[{"name":"wp","href":"https:\/\/api.w.org\/{rel}","templated":true}]}}