{"id":8415,"date":"2022-01-05T15:24:00","date_gmt":"2022-01-05T20:24:00","guid":{"rendered":"http:\/\/bio-04.eproofs.ca\/?p=8415"},"modified":"2022-04-08T09:37:43","modified_gmt":"2022-04-08T13:37:43","slug":"biotecanada-appuie-le-delai-de-mise-en-oeuvre-des-changements-au-cepmb-annonce-recemment-par-le-gouvernement-du-canada","status":"publish","type":"post","link":"https:\/\/www.biotech.ca\/fr\/news\/biotecanada-appuie-le-delai-de-mise-en-oeuvre-des-changements-au-cepmb-annonce-recemment-par-le-gouvernement-du-canada\/","title":{"rendered":"BIOTECanada appuie le d\u00e9lai de mise en \u0153uvre des changements au CEPMB Annonc\u00e9 r\u00e9cemment par le gouvernement du Canada"},"content":{"rendered":"\n<p><strong>[OTTAWA] 5 janvier 2022<\/strong> &#8211; Les d\u00e9fis \u00e9conomiques et sanitaires persistants Canada<br>est confront\u00e9e pendant la pand\u00e9mie soulignent l&#8217;importance d&#8217;une organisation forte et r\u00e9siliente secteur de l&#8217;innovation biotechnologique qui n&#8217;est pas seulement charg\u00e9 de fournir les solutions th\u00e9rapeutiques et vaccinales pour le COVID-19, en plus d&#8217;\u00eatre une pierre angulaire pour La reprise \u00e9conomique du Canada. Comme le gouvernement du Canada a retard\u00e9 l&#8217;entr\u00e9e en vigueur du R\u00e8glement modifiant le R\u00e8glement sur les m\u00e9dicaments brevet\u00e9s, le ministre Duclos a cit\u00e9 \u00e0 juste titre &#8220;ce retard offre un d\u00e9lai suppl\u00e9mentaire aux parties prenantes impact\u00e9es, y compris l&#8217;industrie \u2026 \u00e0 continuer de concentrer leurs efforts sur la r\u00e9ponse aux d\u00e9fis sans pr\u00e9c\u00e9dent pr\u00e9sent\u00e9s par la pand\u00e9mie de COVID-19.<br><br>L&#8217;industrie est \u00e9galement d&#8217;accord avec le ministre Duclos et se r\u00e9jouit effectivement d&#8217;utiliser le un d\u00e9lai suppl\u00e9mentaire pour approfondir l&#8217;engagement sur &#8220;ces modifications dans le cadre de l&#8217;\u00e9volution paysage pharmaceutique \u00bb. L&#8217;industrie se r\u00e9jouit de collaborer avec le<br>gouvernement, en s&#8217;appuyant sur les investissements r\u00e9cents pour d\u00e9velopper une voie plus durable soutenir l&#8217;acc\u00e8s aux technologies \u00e9mergentes, un syst\u00e8me de sant\u00e9 abordable<br>et la croissance de l&#8217;\u00e9cosyst\u00e8me biotechnologique du Canada en g\u00e9n\u00e9ral. <br><br>Dans le budget f\u00e9d\u00e9ral de 2021, le gouvernement f\u00e9d\u00e9ral a affect\u00e9 plus de 2 milliards de dollars \u00e0 soutenir la mise en \u0153uvre d&#8217;une strat\u00e9gie de bioproduction et accro\u00eetre l&#8217;investissement piscine au Canada. Cela rel\u00e8ve du bon sens des politiques publiques tout en pr\u00e9sentant un occasion importante et opportune d\u2019acc\u00e9l\u00e9rer la croissance du secteur canadien de la biotechnologie au-del\u00e0 d&#8217;une simple r\u00e9ponse d&#8217;urgence lors de la prochaine crise. L&#8217;industrie recommande d&#8217;utiliser le d\u00e9lai de mise en \u0153uvre pour travailler avec le gouvernement fournir une approche politique plus holistique pour le secteur qui reconna\u00eet la l&#8217;interconnectivit\u00e9 de l&#8217;\u00e9cosyst\u00e8me qui comprend des entreprises de biotechnologie en d\u00e9marrage et grandes soci\u00e9t\u00e9s pharmaceutiques multinationales.<\/p>\n\n\n\n<p><\/p>\n\n\n\n<p>R\u00e9f\u00e9rence : <a href=\"https:\/\/www.canada.ca\/fr\/sante-canada\/nouvelles\/2021\/12\/declaration-du-ministre-de-la-sante-au-sujet-du-report-de-lentree-en-vigueur-du-reglement-modifiant-le-reglement-sur-les-medicaments-brevetes.html\" target=\"_blank\" rel=\"noreferrer noopener\">D\u00e9claration du ministre de la Sant\u00e9<\/a><br><br>Pour plus d&#8217;informations:<br>Nadine Lunt<br><a href=\"mailto:Nadine.lunt@biotech.ca\">Nadine.lunt@biotech.ca<\/a><\/p>\n","protected":false},"excerpt":{"rendered":"<p>[OTTAWA] 5 janvier 2022 &#8211; Les d\u00e9fis \u00e9conomiques et sanitaires persistants Canadaest confront\u00e9e pendant la pand\u00e9mie soulignent l&#8217;importance d&#8217;une organisation forte et r\u00e9siliente secteur de l&#8217;innovation biotechnologique qui n&#8217;est pas<\/p>\n<p class=\"more-link-box\"><a class=\"more-link button_a arrow\" href=\"https:\/\/www.biotech.ca\/fr\/news\/biotecanada-appuie-le-delai-de-mise-en-oeuvre-des-changements-au-cepmb-annonce-recemment-par-le-gouvernement-du-canada\/\">Lire la suite<\/a><\/p>\n","protected":false},"author":1,"featured_media":0,"comment_status":"closed","ping_status":"closed","sticky":false,"template":"","format":"standard","meta":{"_acf_changed":false,"rank_math_lock_modified_date":false,"inline_featured_image":false,"_genesis_hide_title":false,"_genesis_hide_breadcrumbs":false,"_genesis_hide_singular_image":false,"_genesis_hide_footer_widgets":false,"_genesis_custom_body_class":"","_genesis_custom_post_class":"","_genesis_layout":"","footnotes":""},"categories":[39],"tags":[45],"class_list":["post-8415","post","type-post","status-publish","format-standard","category-communiques-de-presse","tag-home-fr","entry"],"acf":[],"_links":{"self":[{"href":"https:\/\/www.biotech.ca\/fr\/wp-json\/wp\/v2\/posts\/8415","targetHints":{"allow":["GET"]}}],"collection":[{"href":"https:\/\/www.biotech.ca\/fr\/wp-json\/wp\/v2\/posts"}],"about":[{"href":"https:\/\/www.biotech.ca\/fr\/wp-json\/wp\/v2\/types\/post"}],"author":[{"embeddable":true,"href":"https:\/\/www.biotech.ca\/fr\/wp-json\/wp\/v2\/users\/1"}],"replies":[{"embeddable":true,"href":"https:\/\/www.biotech.ca\/fr\/wp-json\/wp\/v2\/comments?post=8415"}],"version-history":[{"count":2,"href":"https:\/\/www.biotech.ca\/fr\/wp-json\/wp\/v2\/posts\/8415\/revisions"}],"predecessor-version":[{"id":9672,"href":"https:\/\/www.biotech.ca\/fr\/wp-json\/wp\/v2\/posts\/8415\/revisions\/9672"}],"wp:attachment":[{"href":"https:\/\/www.biotech.ca\/fr\/wp-json\/wp\/v2\/media?parent=8415"}],"wp:term":[{"taxonomy":"category","embeddable":true,"href":"https:\/\/www.biotech.ca\/fr\/wp-json\/wp\/v2\/categories?post=8415"},{"taxonomy":"post_tag","embeddable":true,"href":"https:\/\/www.biotech.ca\/fr\/wp-json\/wp\/v2\/tags?post=8415"}],"curies":[{"name":"wp","href":"https:\/\/api.w.org\/{rel}","templated":true}]}}