{"id":8417,"date":"2021-11-18T15:29:00","date_gmt":"2021-11-18T20:29:00","guid":{"rendered":"http:\/\/bio-04.eproofs.ca\/?p=8417"},"modified":"2022-04-08T09:40:17","modified_gmt":"2022-04-08T13:40:17","slug":"biotecanada-soutient-lengagement-du-gouvernement-federal-envers-le-secteur-de-la-biofabrication","status":"publish","type":"post","link":"https:\/\/www.biotech.ca\/fr\/news\/biotecanada-soutient-lengagement-du-gouvernement-federal-envers-le-secteur-de-la-biofabrication\/","title":{"rendered":"BIOTECanada soutient l&#8217;engagement du gouvernement f\u00e9d\u00e9ral envers le secteur de la biofabrication"},"content":{"rendered":"\n<p><strong>18 novembre 2021 [Charlottetown, PE]<\/strong> &#8211; BIOTECanada se r\u00e9jouit de l&#8217;annonce d&#8217;aujourd&#8217;hui par le ministre de l&#8217;Innovation, de la Science et de l&#8217;Industrie Fran\u00e7ois-Philippe Champagne concernant l&#8217;Atlantique le secteur canadien de la biofabrication. L&#8217;annonce conjointe d&#8217;investissements dans l&#8217;expansion la capacit\u00e9 de BIOVECTRA \u00e0 fabriquer des vaccins \u00e0 ARNm, pour cr\u00e9er une sp\u00e9cialit\u00e9 Biologique Usine de fabrication \u00e0 Charlottetown, \u00ce.-P.-\u00c9. en agrandissant la fermentation et la synth\u00e8se actuelles capacit\u00e9s est un d\u00e9veloppement important pour l&#8217;\u00e9cosyst\u00e8me canadien des sciences de la vie et le Canada plus largement car il cherche \u00e0 se pr\u00e9parer aux futures crises sanitaires et \u00e0 reconstruire l&#8217;\u00e9conomie \u00e0 la suite la pand\u00e9mie de COVID-19. <br><br>BIOVECTRA, en partenariat avec les gouvernements du Canada et le gouvernement de l&#8217;\u00cele-du-Prince-\u00c9douard investira ensemble 79,6 millions de dollars pour am\u00e9liorer les installations et construire une nouvelle structure pour la fabrication d&#8217;ARNm, entra\u00eenant une 125 emplois sur les 675 d\u00e9j\u00e0 \u00e0 l&#8217;\u00cele-du-Prince-\u00c9douard et en Nouvelle-\u00c9cosse.<br><br>\u00ab BIOVECTRA est un excellent exemple de la capacit\u00e9 du secteur canadien des sciences de la vie \u00e0 s&#8217;appuyer sur les expertise en biofabrication pour faire de l&#8217;industrie de la biotechnologie un \u00e9l\u00e9ment central de la r\u00e9solution des probl\u00e8mes les futures crises sanitaires et la reprise \u00e9conomique qui s&#8217;annonce. Entreprises et gouvernements travaillent ensemble, ce qui augmente la comp\u00e9titivit\u00e9 du Canada en attirant des investissements et Talent. Au total, la capacit\u00e9 de fabrication suppl\u00e9mentaire et les emplois correspondants, \u00e0 partir d&#8217;aujourd&#8217;hui Cette annonce soutiendra non seulement la capacit\u00e9 du Canada \u00e0 se pr\u00e9parer \u00e0 de futures pand\u00e9mies, mais \u00e9galement contribuer \u00e0 acc\u00e9l\u00e9rer la reprise \u00e9conomique suite \u00e0 la crise du COVID-19. En fin de compte, le Canada est bien positionn\u00e9 pour \u00eatre un chef de file de la bio\u00e9conomie mondiale en proposant des solutions aux \u00e9normes d\u00e9fis que pr\u00e9sentent la croissance d\u00e9mographique et un environnement modifi\u00e9 \u00bb, a comment\u00e9 Andrew Casey, pr\u00e9sident et chef de la direction de BIOTECanada. <br><br>BIOTECanada est l&#8217;association nationale de l&#8217;industrie et porte-parole avec plus de 200 membres de la \u00e9cosyst\u00e8me biotechnologique situ\u00e9 \u00e0 l\u2019\u00e9chelle nationale, refl\u00e9tant la nature diversifi\u00e9e de la sant\u00e9 au Canada, secteurs de la biotechnologie industrielle et agricole. Avec des probl\u00e8mes mondiaux sans pr\u00e9c\u00e9dent, notamment la crise climatique, la durabilit\u00e9 alimentaire et les besoins de sant\u00e9 humaine, l&#8217;industrie de la biotechnologie peut jouer un r\u00f4le un r\u00f4le central dans la r\u00e9solution des d\u00e9fis tout en offrant des avantages \u00e9conomiques importants, y compris l&#8217;investissement et l&#8217;emploi.<\/p>\n\n\n\n<p>Pour plus d&#8217;informations:<br>Nadine Lunt<br>613-230-5585 poste 257<\/p>\n","protected":false},"excerpt":{"rendered":"<p>18 novembre 2021 [Charlottetown, PE] &#8211; BIOTECanada se r\u00e9jouit de l&#8217;annonce d&#8217;aujourd&#8217;hui par le ministre de l&#8217;Innovation, de la Science et de l&#8217;Industrie Fran\u00e7ois-Philippe Champagne concernant l&#8217;Atlantique le secteur canadien<\/p>\n<p class=\"more-link-box\"><a class=\"more-link button_a arrow\" href=\"https:\/\/www.biotech.ca\/fr\/news\/biotecanada-soutient-lengagement-du-gouvernement-federal-envers-le-secteur-de-la-biofabrication\/\">Lire la suite<\/a><\/p>\n","protected":false},"author":1,"featured_media":0,"comment_status":"closed","ping_status":"closed","sticky":false,"template":"","format":"standard","meta":{"_acf_changed":false,"rank_math_lock_modified_date":false,"inline_featured_image":false,"_genesis_hide_title":false,"_genesis_hide_breadcrumbs":false,"_genesis_hide_singular_image":false,"_genesis_hide_footer_widgets":false,"_genesis_custom_body_class":"","_genesis_custom_post_class":"","_genesis_layout":"","footnotes":""},"categories":[39],"tags":[45],"class_list":["post-8417","post","type-post","status-publish","format-standard","category-communiques-de-presse","tag-home-fr","entry"],"acf":[],"_links":{"self":[{"href":"https:\/\/www.biotech.ca\/fr\/wp-json\/wp\/v2\/posts\/8417","targetHints":{"allow":["GET"]}}],"collection":[{"href":"https:\/\/www.biotech.ca\/fr\/wp-json\/wp\/v2\/posts"}],"about":[{"href":"https:\/\/www.biotech.ca\/fr\/wp-json\/wp\/v2\/types\/post"}],"author":[{"embeddable":true,"href":"https:\/\/www.biotech.ca\/fr\/wp-json\/wp\/v2\/users\/1"}],"replies":[{"embeddable":true,"href":"https:\/\/www.biotech.ca\/fr\/wp-json\/wp\/v2\/comments?post=8417"}],"version-history":[{"count":3,"href":"https:\/\/www.biotech.ca\/fr\/wp-json\/wp\/v2\/posts\/8417\/revisions"}],"predecessor-version":[{"id":9675,"href":"https:\/\/www.biotech.ca\/fr\/wp-json\/wp\/v2\/posts\/8417\/revisions\/9675"}],"wp:attachment":[{"href":"https:\/\/www.biotech.ca\/fr\/wp-json\/wp\/v2\/media?parent=8417"}],"wp:term":[{"taxonomy":"category","embeddable":true,"href":"https:\/\/www.biotech.ca\/fr\/wp-json\/wp\/v2\/categories?post=8417"},{"taxonomy":"post_tag","embeddable":true,"href":"https:\/\/www.biotech.ca\/fr\/wp-json\/wp\/v2\/tags?post=8417"}],"curies":[{"name":"wp","href":"https:\/\/api.w.org\/{rel}","templated":true}]}}