{"id":9726,"date":"2022-04-20T12:39:59","date_gmt":"2022-04-20T16:39:59","guid":{"rendered":"https:\/\/www.biotech.ca\/?p=9726"},"modified":"2022-04-20T13:22:08","modified_gmt":"2022-04-20T17:22:08","slug":"declaration-sur-la-decision-federale-concernant-les-reglements-regissant-le-cepmb","status":"publish","type":"post","link":"https:\/\/www.biotech.ca\/fr\/news\/declaration-sur-la-decision-federale-concernant-les-reglements-regissant-le-cepmb\/","title":{"rendered":"D\u00e9claration sur la d\u00e9cision f\u00e9d\u00e9rale concernant les r\u00e8glements r\u00e9gissant le CEPMB"},"content":{"rendered":"\n<p>BIOTECanada reconna\u00eet l&#8217;annonce du ministre f\u00e9d\u00e9ral de la Sant\u00e9 sur la d\u00e9cision du gouvernement d&#8217;aller de l&#8217;avant avec certaines modifications r\u00e9glementaires r\u00e9gissant les prix des m\u00e9dicaments au Canada. L&#8217;ensemble initial plus large de modifications r\u00e9glementaires propos\u00e9es aurait cr\u00e9\u00e9 des obstacles \u00e0 l&#8217;acc\u00e8s aux nouveaux m\u00e9dicaments pour les Canadiens et aurait eu un impact n\u00e9gatif sur l&#8217;\u00e9cosyst\u00e8me canadien de la biotechnologie de mani\u00e8re plus g\u00e9n\u00e9rale. Comme l&#8217;a indiqu\u00e9 le ministre de la Sant\u00e9, Jean-Yves Duclos dans son communiqu\u00e9, la pand\u00e9mie a accru la prise de conscience de l&#8217;importance de l&#8217;innovation et de l&#8217;investissement dans le secteur dans le cadre de la mise en place d&#8217;un syst\u00e8me de sant\u00e9 durable.&nbsp;<\/p>\n\n\n\n<p>Les membres de BIOTECanada sont \u00e0 l&#8217;avant-garde du d\u00e9veloppement de la prochaine g\u00e9n\u00e9ration de solutions de soins de sant\u00e9, notamment des m\u00e9dicaments et des th\u00e9rapies biologiques pour les maladies rares, des produits \u00e0 base d&#8217;ARNm, notamment des vaccins, des th\u00e9rapies cellulaires et de nombreuses nouvelles technologies dynamiques tr\u00e8s prometteuses pour l&#8217;avenir des solutions de soins de sant\u00e9. Comme cela a \u00e9t\u00e9 \u00e9vident tout au long de la pand\u00e9mie, le gouvernement et l&#8217;industrie travaillant en collaboration, les solutions pour am\u00e9liorer et moderniser le syst\u00e8me de sant\u00e9 canadien peuvent garantir que les patients canadiens re\u00e7oivent les meilleures options de soins disponibles. Dans ce contexte, l&#8217;industrie se f\u00e9licite de l&#8217;opportunit\u00e9 de s&#8217;appuyer sur la relation constructive qu&#8217;elle a \u00e9tablie avec le gouvernement pour soutenir l&#8217;avancement de la<a href=\"https:\/\/www.canada.ca\/fr\/sante-canada\/programmes\/consultation-mobilisation-ligne-strategie-nationale-visant-medicaments-onereux-maladies-rares\/ce-que-nous-avons-entendu.html\" target=\"_blank\" rel=\"noreferrer noopener\">&nbsp;strat\u00e9gie nationale&nbsp;<\/a>sur les m\u00e9dicaments pour les maladies rares et la&nbsp;<a href=\"https:\/\/www.ic.gc.ca\/eic\/site\/151.nsf\/fra\/00019.html\" target=\"_blank\" rel=\"noreferrer noopener\">strat\u00e9gie de biofabrication et des sciences de la vie.<\/a><\/p>\n\n\n\n<p>BIOTECanada est l\u2019association nationale de l\u2019industrie et porte-parole avec plus de 240 membres de la \u00e9cosyst\u00e8me biotechnologique situ\u00e9 \u00e0 l\u2019\u00e9chelle nationale, refl\u00e9tant la nature diversifi\u00e9e de la sant\u00e9 au Canada, secteurs de la biotechnologie industrielle et agricole. Avec des probl\u00e8mes mondiaux sans pr\u00e9c\u00e9dent, notamment la crise climatique, la durabilit\u00e9 alimentaire et les besoins de sant\u00e9 humaine, l\u2019industrie de la biotechnologie peut jouer un r\u00f4le un r\u00f4le central dans la r\u00e9solution des d\u00e9fis tout en offrant des avantages \u00e9conomiques importants, y compris l\u2019investissement et l\u2019emploi.<\/p>\n\n\n\n<p>Personne-ressource :<br><a href=\"mailto:Nadine.Lunt@biotech.ca\" target=\"_blank\" rel=\"noreferrer noopener\">Nadine.Lunt@biotech.ca<\/a>&nbsp;<br>613-793-6338<\/p>\n","protected":false},"excerpt":{"rendered":"<p>BIOTECanada reconna\u00eet l&#8217;annonce du ministre f\u00e9d\u00e9ral de la Sant\u00e9 sur la d\u00e9cision du gouvernement d&#8217;aller de l&#8217;avant avec certaines modifications r\u00e9glementaires r\u00e9gissant les prix des m\u00e9dicaments au Canada. L&#8217;ensemble initial<\/p>\n<p class=\"more-link-box\"><a class=\"more-link button_a arrow\" href=\"https:\/\/www.biotech.ca\/fr\/news\/declaration-sur-la-decision-federale-concernant-les-reglements-regissant-le-cepmb\/\">Lire la suite<\/a><\/p>\n","protected":false},"author":4,"featured_media":0,"comment_status":"closed","ping_status":"closed","sticky":false,"template":"","format":"standard","meta":{"_acf_changed":false,"rank_math_lock_modified_date":false,"inline_featured_image":false,"_genesis_hide_title":false,"_genesis_hide_breadcrumbs":false,"_genesis_hide_singular_image":false,"_genesis_hide_footer_widgets":false,"_genesis_custom_body_class":"","_genesis_custom_post_class":"","_genesis_layout":"","footnotes":""},"categories":[39],"tags":[45],"class_list":["post-9726","post","type-post","status-publish","format-standard","category-communiques-de-presse","tag-home-fr","entry"],"acf":[],"_links":{"self":[{"href":"https:\/\/www.biotech.ca\/fr\/wp-json\/wp\/v2\/posts\/9726","targetHints":{"allow":["GET"]}}],"collection":[{"href":"https:\/\/www.biotech.ca\/fr\/wp-json\/wp\/v2\/posts"}],"about":[{"href":"https:\/\/www.biotech.ca\/fr\/wp-json\/wp\/v2\/types\/post"}],"author":[{"embeddable":true,"href":"https:\/\/www.biotech.ca\/fr\/wp-json\/wp\/v2\/users\/4"}],"replies":[{"embeddable":true,"href":"https:\/\/www.biotech.ca\/fr\/wp-json\/wp\/v2\/comments?post=9726"}],"version-history":[{"count":1,"href":"https:\/\/www.biotech.ca\/fr\/wp-json\/wp\/v2\/posts\/9726\/revisions"}],"predecessor-version":[{"id":9727,"href":"https:\/\/www.biotech.ca\/fr\/wp-json\/wp\/v2\/posts\/9726\/revisions\/9727"}],"wp:attachment":[{"href":"https:\/\/www.biotech.ca\/fr\/wp-json\/wp\/v2\/media?parent=9726"}],"wp:term":[{"taxonomy":"category","embeddable":true,"href":"https:\/\/www.biotech.ca\/fr\/wp-json\/wp\/v2\/categories?post=9726"},{"taxonomy":"post_tag","embeddable":true,"href":"https:\/\/www.biotech.ca\/fr\/wp-json\/wp\/v2\/tags?post=9726"}],"curies":[{"name":"wp","href":"https:\/\/api.w.org\/{rel}","templated":true}]}}