{"id":9984,"date":"2022-05-31T12:35:57","date_gmt":"2022-05-31T16:35:57","guid":{"rendered":"https:\/\/www.biotech.ca\/?p=9984"},"modified":"2022-05-31T14:08:19","modified_gmt":"2022-05-31T18:08:19","slug":"biotecanada-annonce-lajout-dadministrateurs-au-conseil-dadministration","status":"publish","type":"post","link":"https:\/\/www.biotech.ca\/fr\/news\/biotecanada-annonce-lajout-dadministrateurs-au-conseil-dadministration\/","title":{"rendered":"BIOTECanada annonce l&#8217;ajout d&#8217;administrateurs au conseil d&#8217;administration"},"content":{"rendered":"\n<p><strong>[TORONTO]<\/strong> \u2013 \u00c0 la suite de l&#8217;assembl\u00e9e g\u00e9n\u00e9rale annuelle de BIOTECanada, le conseil d&#8217;administration annonce l&#8217;\u00e9lection de trois administrateurs suppl\u00e9mentaires au conseil. Les nouveaux administrateurs comprennent :<\/p>\n\n\n\n<ul class=\"wp-block-list\"><li><strong>Colleen Coxson<\/strong>, directrice nationale, Alnylam Pharmaceuticals<\/li><li><strong>Rhonda Pacheco<\/strong>, pr\u00e9sidente et directrice g\u00e9n\u00e9rale, Eli Lilly Canada<\/li><li><strong>Nancy Pei<\/strong>, associ\u00e9e, Smart &amp; Biggar <\/li><\/ul>\n\n\n\n<p>\u00ab Au nom de l&#8217;\u00e9quipe de BIOTECanada et des soci\u00e9t\u00e9s membres, je remercie les administrateurs sortants John Norman (associ\u00e9 Gowling WLG Canada LLP) et Shermaine Tilley, associ\u00e9e directrice (CTI Life Sciences Fund) pour leur temps et leur engagement envers l&#8217;Association, \u00bb a comment\u00e9 Andrew Casey Pr\u00e9sident et chef de la direction de BIOTECanada. \u00ab L&#8217;\u00e9cosyst\u00e8me biotechnologique du Canada repose sur une r\u00e9putation de recherche scientifique solide et comprend un m\u00e9lange diversifi\u00e9 d&#8217;entreprises en d\u00e9marrage, d&#8217;universit\u00e9s, d&#8217;incubateurs\/acc\u00e9l\u00e9rateurs, de centres de recherche, d&#8217;investisseurs et de soci\u00e9t\u00e9s pharmaceutiques\/biotechnologiques multinationales. J&#8217;ai h\u00e2te de travailler avec le conseil d&#8217;administration alors que nous poursuivons notre qu\u00eate pour d\u00e9velopper le secteur des sciences de la vie et la capacit\u00e9 de biofabrication du Canada, notamment en attirant des investissements et des talents dans le secteur.<\/p>\n\n\n\n<p>Le conseil d&#8217;administration de BIOTECanada 2022-2023<\/p>\n\n\n\n<ul class=\"wp-block-list\"><li><strong>Gordon McCauley<\/strong>, pr\u00e9sident et chef de la direction, adMare BioInnovations (pr\u00e9sident)<\/li><li><strong>Roberto Bellini<\/strong>, pr\u00e9sident et chef de la direction, Bellus Health (vice pr\u00e9sident)<\/li><li><strong>Oliver Technow<\/strong>, CEO, BioVectra Inc.\u00a0(tr\u00e9sorier)<\/li><li><strong>Andrew Casey<\/strong>\u00a0pr\u00e9sident et chef de la direction, BIOTECanada (secr\u00e9taire)<\/li><li><strong>Norma Biln<\/strong>, chef de la direction, Augurex<\/li><li><strong>Neal Carter<\/strong>, pr\u00e9sident &amp; fondateur, Okanagan Specialty Fruits<\/li><li><strong>Andrew Haigh<\/strong>, pr\u00e9sident et chef de la direction, Adapsyn Bioscience<\/li><li><strong>Alok Kanti<\/strong>, directeur g\u00e9n\u00e9ral, Bayer Canada<\/li><li><strong>Melissa Koomey<\/strong>, vice pr\u00e9sident &amp; directeur g\u00e9nerale, Gilead Sciences Canada<\/li><li><strong>A.J. (Sandy) Marshall<\/strong>, Chairman, Bioindustrial Innovation Canada<\/li><li><strong>Paul Petrelli<\/strong>, directeur g\u00e9n\u00e9ral, Jazz Pharmaceuticals<\/li><li><strong>Tracey Ramsay<\/strong>, vice pr\u00e9sident et directeur g\u00e9nerale, AbbVie Canada<\/li><li><strong>Sanj Singh<\/strong>, pr\u00e9sident et chef de la direction, Temple Therapeutics B.V.<\/li><li><strong>Jamie Stiff<\/strong>, directeur g\u00e9neral, Genesys Capital<\/li><li><strong>Ali Tehrani, <\/strong>associ\u00e9, Amplitude Ventures<\/li><\/ul>\n","protected":false},"excerpt":{"rendered":"<p>[TORONTO] \u2013 \u00c0 la suite de l&#8217;assembl\u00e9e g\u00e9n\u00e9rale annuelle de BIOTECanada, le conseil d&#8217;administration annonce l&#8217;\u00e9lection de trois administrateurs suppl\u00e9mentaires au conseil. Les nouveaux administrateurs comprennent : Colleen Coxson, directrice<\/p>\n<p class=\"more-link-box\"><a class=\"more-link button_a arrow\" href=\"https:\/\/www.biotech.ca\/fr\/news\/biotecanada-annonce-lajout-dadministrateurs-au-conseil-dadministration\/\">Lire la suite<\/a><\/p>\n","protected":false},"author":4,"featured_media":0,"comment_status":"closed","ping_status":"closed","sticky":false,"template":"","format":"standard","meta":{"_acf_changed":false,"rank_math_lock_modified_date":false,"inline_featured_image":false,"_genesis_hide_title":false,"_genesis_hide_breadcrumbs":false,"_genesis_hide_singular_image":false,"_genesis_hide_footer_widgets":false,"_genesis_custom_body_class":"","_genesis_custom_post_class":"","_genesis_layout":"","footnotes":""},"categories":[39],"tags":[45],"class_list":["post-9984","post","type-post","status-publish","format-standard","category-communiques-de-presse","tag-home-fr","entry"],"acf":[],"_links":{"self":[{"href":"https:\/\/www.biotech.ca\/fr\/wp-json\/wp\/v2\/posts\/9984","targetHints":{"allow":["GET"]}}],"collection":[{"href":"https:\/\/www.biotech.ca\/fr\/wp-json\/wp\/v2\/posts"}],"about":[{"href":"https:\/\/www.biotech.ca\/fr\/wp-json\/wp\/v2\/types\/post"}],"author":[{"embeddable":true,"href":"https:\/\/www.biotech.ca\/fr\/wp-json\/wp\/v2\/users\/4"}],"replies":[{"embeddable":true,"href":"https:\/\/www.biotech.ca\/fr\/wp-json\/wp\/v2\/comments?post=9984"}],"version-history":[{"count":6,"href":"https:\/\/www.biotech.ca\/fr\/wp-json\/wp\/v2\/posts\/9984\/revisions"}],"predecessor-version":[{"id":10000,"href":"https:\/\/www.biotech.ca\/fr\/wp-json\/wp\/v2\/posts\/9984\/revisions\/10000"}],"wp:attachment":[{"href":"https:\/\/www.biotech.ca\/fr\/wp-json\/wp\/v2\/media?parent=9984"}],"wp:term":[{"taxonomy":"category","embeddable":true,"href":"https:\/\/www.biotech.ca\/fr\/wp-json\/wp\/v2\/categories?post=9984"},{"taxonomy":"post_tag","embeddable":true,"href":"https:\/\/www.biotech.ca\/fr\/wp-json\/wp\/v2\/tags?post=9984"}],"curies":[{"name":"wp","href":"https:\/\/api.w.org\/{rel}","templated":true}]}}